{"id":41204,"date":"2024-10-02T00:14:30","date_gmt":"2024-10-02T05:14:30","guid":{"rendered":"https:\/\/noticiasveracruz.com\/?p=41204"},"modified":"2024-10-01T23:57:32","modified_gmt":"2024-10-02T04:57:32","slug":"sp-rebaja-la-calificacion-a-largo-plazo-de-israel-en-pleno-conflicto-con-hezbola","status":"publish","type":"post","link":"https:\/\/noticiasveracruz.com\/index.php\/2024\/10\/02\/sp-rebaja-la-calificacion-a-largo-plazo-de-israel-en-pleno-conflicto-con-hezbola\/","title":{"rendered":"S&#038;P rebaja la calificaci\u00f3n a largo plazo de Israel en pleno conflicto con Hezbol\u00e1"},"content":{"rendered":"<p><span style=\"font-size: 14pt;\">S&amp;P Global\u00a0rebaj\u00f3 este martes la\u00a0calificaci\u00f3n a largo plazo de Israel\u00a0de \u00abA+\u00bb a \u00abA\u00bb, citando los riesgos para la econom\u00eda y las finanzas p\u00fablicas del pa\u00eds derivados de la escalada del conflicto con el movimiento armado Hezbol\u00e1, apoyado por Ir\u00e1n, en L\u00edbano.\u00a0<\/span><\/p>\n<p><span style=\"font-size: 14pt;\">La agencia de calificaci\u00f3n destac\u00f3 la preocupaci\u00f3n por las posibles amenazas a la seguridad, incluidos los\u00a0ataques con cohetes\u00a0de represalia contra Israel, que podr\u00edan empeorar el impacto econ\u00f3mico.<\/span><\/p>\n","protected":false},"excerpt":{"rendered":"<p>S&amp;P Global\u00a0rebaj\u00f3 este martes la\u00a0calificaci\u00f3n a largo plazo de Israel\u00a0de \u00abA+\u00bb a \u00abA\u00bb, citando los riesgos para la econom\u00eda y las finanzas p\u00fablicas del pa\u00eds derivados de la escalada del conflicto con el movimiento armado Hezbol\u00e1, apoyado por Ir\u00e1n, en L\u00edbano.\u00a0 La agencia de calificaci\u00f3n destac\u00f3 la preocupaci\u00f3n por las posibles amenazas a la seguridad, [&hellip;]<\/p>\n","protected":false},"author":4,"featured_media":41205,"comment_status":"closed","ping_status":"closed","sticky":false,"template":"","format":"standard","meta":{"_jetpack_newsletter_access":"","_jetpack_dont_email_post_to_subs":false,"_jetpack_newsletter_tier_id":0,"_jetpack_memberships_contains_paywalled_content":false,"_jetpack_feature_clip_id":0,"_jetpack_memberships_contains_paid_content":false,"footnotes":"","jetpack_publicize_message":"","jetpack_publicize_feature_enabled":true,"jetpack_social_post_already_shared":true,"jetpack_social_options":{"image_generator_settings":{"template":"highway","default_image_id":0,"font":"","enabled":false},"version":2},"jetpack_post_was_ever_published":false},"categories":[1947],"tags":[],"class_list":["post-41204","post","type-post","status-publish","format-standard","has-post-thumbnail","hentry","category-economia"],"jetpack_publicize_connections":[],"jetpack_sharing_enabled":true,"publishpress_future_action":{"enabled":false,"date":"2026-09-07 12:53:39","action":"change-status","newStatus":"draft","terms":[],"taxonomy":"category","extraData":[]},"publishpress_future_workflow_manual_trigger":{"enabledWorkflows":[]},"jetpack_featured_media_url":"https:\/\/noticiasveracruz.com\/wp-content\/uploads\/2024\/10\/66fc7fe6ebdea.jpeg","_links":{"self":[{"href":"https:\/\/noticiasveracruz.com\/index.php\/wp-json\/wp\/v2\/posts\/41204","targetHints":{"allow":["GET"]}}],"collection":[{"href":"https:\/\/noticiasveracruz.com\/index.php\/wp-json\/wp\/v2\/posts"}],"about":[{"href":"https:\/\/noticiasveracruz.com\/index.php\/wp-json\/wp\/v2\/types\/post"}],"author":[{"embeddable":true,"href":"https:\/\/noticiasveracruz.com\/index.php\/wp-json\/wp\/v2\/users\/4"}],"replies":[{"embeddable":true,"href":"https:\/\/noticiasveracruz.com\/index.php\/wp-json\/wp\/v2\/comments?post=41204"}],"version-history":[{"count":0,"href":"https:\/\/noticiasveracruz.com\/index.php\/wp-json\/wp\/v2\/posts\/41204\/revisions"}],"wp:featuredmedia":[{"embeddable":true,"href":"https:\/\/noticiasveracruz.com\/index.php\/wp-json\/wp\/v2\/media\/41205"}],"wp:attachment":[{"href":"https:\/\/noticiasveracruz.com\/index.php\/wp-json\/wp\/v2\/media?parent=41204"}],"wp:term":[{"taxonomy":"category","embeddable":true,"href":"https:\/\/noticiasveracruz.com\/index.php\/wp-json\/wp\/v2\/categories?post=41204"},{"taxonomy":"post_tag","embeddable":true,"href":"https:\/\/noticiasveracruz.com\/index.php\/wp-json\/wp\/v2\/tags?post=41204"}],"curies":[{"name":"wp","href":"https:\/\/api.w.org\/{rel}","templated":true}]}}