{"id":4118,"date":"2022-05-09T01:50:45","date_gmt":"2022-05-09T06:50:45","guid":{"rendered":"https:\/\/noticiasveracruz.com\/?p=4118"},"modified":"2022-05-09T04:09:49","modified_gmt":"2022-05-09T09:09:49","slug":"energia-derecho-o-mercancia","status":"publish","type":"post","link":"https:\/\/noticiasveracruz.com\/index.php\/2022\/05\/09\/energia-derecho-o-mercancia\/","title":{"rendered":"Energ\u00eda derecho o mercanc\u00eda"},"content":{"rendered":"<p>&nbsp;<\/p>\n<p class=\"p1\"><span style=\"font-size: 18pt;\"><b>Por \u00c1ngel \u00c1lvaro Pe\u00f1a<\/b><\/span><\/p>\n<p class=\"p1\"><span style=\"font-size: 14pt;\">Adue\u00f1arse de un derecho de los seres humanos debe ser un delito que se castigue severamente; sin embargo, el desarrollo de un <strong>sistema econ\u00f3mico injusto arroja m\u00e1s desequilibrio social y la muestra evidente se encuentra en Espa\u00f1a con los propietarios del suministro de energ\u00eda el\u00e9ctrica<\/strong>, que son tan prepotentes que pueden insultar a los espa\u00f1oles m\u00e1s pobres y no pasa nada.<\/span><\/p>\n<p>&nbsp;<\/p>\n<p class=\"p1\"><span style=\"font-size: 18pt;\"><strong>En d\u00edas pasados el presidente de Iberdrola, empresa que aument\u00f3 sin piedad el precio del kilovatio-hora en el mercado libre, un 68.5 por ciento, Ignacio S\u00e1nchez Gal\u00e1n, calific\u00f3 de \u201ctontos\u201d a los consumidores espa\u00f1oles que tienen contratada la factura de la luz en la llamada \u201ctarifa regulada\u201d, que a su vez les permite tener acceso a las ayudas p\u00fablicas para las familias m\u00e1s vulnerables que otorga el Estado espa\u00f1ol.<\/strong><\/span><\/p>\n<p>&nbsp;<\/p>\n<p class=\"p1\"><span style=\"font-size: 14pt;\"><strong>El magnate llam\u00f3 tontos a los habitantes de m\u00e1s de diez millones de hogares, lo que representa m\u00e1s de un 40 por ciento del total del mercado,<\/strong> y que est\u00e1n a expensas de las fluctuaciones del precio de la electricidad, que en los \u00faltimos meses se ha situado entre las m\u00e1s altas de la historia.<\/span><\/p>\n<p>&nbsp;<\/p>\n<p class=\"p1\"><strong><span style=\"font-size: 18pt;\">En Espa\u00f1a el suministro de la energ\u00eda el\u00e9ctrica lo tienen secuestrado cinco empresas particulares: Iberdrola, Naturgy, Endesa, Repsol y Total Energies. Empresas, en su mayor\u00eda, por las que votaron los diputados del PAN, PRI, PRD y MC, el 17 de marzo en la C\u00e1mara de Diputados, en M\u00e9xico.<\/span><\/strong><\/p>\n<p>&nbsp;<\/p>\n<p><img loading=\"lazy\" decoding=\"async\" class=\"aligncenter wp-image-4130 size-large\" src=\"http:\/\/noticiasveracruz.com\/wp-content\/uploads\/2022\/05\/AdobeStock_311306192-1024x683.jpeg\" alt=\"\" width=\"800\" height=\"534\" srcset=\"https:\/\/noticiasveracruz.com\/wp-content\/uploads\/2022\/05\/AdobeStock_311306192-1024x683.jpeg 1024w, https:\/\/noticiasveracruz.com\/wp-content\/uploads\/2022\/05\/AdobeStock_311306192-300x200.jpeg 300w, https:\/\/noticiasveracruz.com\/wp-content\/uploads\/2022\/05\/AdobeStock_311306192-768x512.jpeg 768w, https:\/\/noticiasveracruz.com\/wp-content\/uploads\/2022\/05\/AdobeStock_311306192-1536x1024.jpeg 1536w, https:\/\/noticiasveracruz.com\/wp-content\/uploads\/2022\/05\/AdobeStock_311306192-2048x1365.jpeg 2048w, https:\/\/noticiasveracruz.com\/wp-content\/uploads\/2022\/05\/AdobeStock_311306192-600x400.jpeg 600w\" sizes=\"auto, (max-width: 800px) 100vw, 800px\" \/><\/p>\n<p>&nbsp;<\/p>\n<p class=\"p1\"><span style=\"font-size: 14pt;\">La gran mayor\u00eda de los mexicanos estaba consciente de lo que significaba esa votaci\u00f3n; sin embargo, 223 legisladores de oposici\u00f3n prefirieron aceptar d\u00e1divas a cambio de su voto.<\/span><\/p>\n<p class=\"p1\"><strong><span style=\"font-size: 14pt;\">A Iberdrola le concedi\u00f3 jugosos contratos Felipe Calder\u00f3n, a grado tal que una vez terminado su mandato se convirti\u00f3 en asesor de una filial de esa empresa con salario millonario.<\/span><\/strong><\/p>\n<p class=\"p1\"><span style=\"font-size: 14pt;\">Nadie puede llamarse a sorpresa cundo a estos actos se les denomina traici\u00f3n a la Patria; sin embargo, hay quienes se sienten ofendidos por esa calificaci\u00f3n.<\/span><\/p>\n<p class=\"p1\"><span style=\"font-size: 14pt;\">Ante el agravio que en un canal de televisi\u00f3n hiciera Ignacio S\u00e1nchez Gal\u00e1n, la\u00a0Vicepresidenta\u00a0segunda y Ministra de Trabajo, del gobierno espa\u00f1ol,\u00a0Yolanda D\u00edaz, le ha exigido al presidente de\u00a0Iberdrola, que\u00a0rectifique\u00a0\u201ccon car\u00e1cter inmediato\u201d sus declaraciones por \u201cmofarse\u201d de los\u00a0m\u00e1s necesitados\u00a0en un acto en Sagunto, Valencia.<\/span><\/p>\n<p class=\"p1\"><strong><span style=\"font-size: 14pt;\">Gal\u00e1n dijo que \u201csolamente los tontos\u201d que siguen con la \u201ctarifa regulada marcada por el Gobierno\u201d pagan m\u00e1s por la luz, unas palabras que para D\u00edaz son \u201cuna verg\u00fcenza\u201d.<\/span><\/strong><\/p>\n<p class=\"p1\"><span style=\"font-size: 14pt;\">S\u00e1nchez Gal\u00e1n no tom\u00f3 en cuenta que la mayor\u00eda de los consumidores, que tienen tarifa regulada, se debe a cuestiones burocr\u00e1ticas, ya que es una exigencia del gobierno para ser receptores de ayuda humanitaria por parte del Estado, como el bono social, descuentos en el coste de la factura para hogares en situaciones vulnerables y otro tipo de subsidios.<\/span><\/p>\n<p>&nbsp;<\/p>\n<p class=\"p1\"><span style=\"font-size: 18pt;\"><strong>La Ministra de Trabajo ha recordado que son \u201clos m\u00e1s d\u00e9biles los que est\u00e1n acogidos a esa tarifa\u201d y ha subrayado que Iberdrola se encuentra entre las tres grandes empresas el\u00e9ctricas que \u201chan visto aumentados sus enormes beneficios\u201d.<\/strong><\/span><\/p>\n<p>&nbsp;<\/p>\n<p class=\"p1\"><span style=\"font-size: 14pt;\">\u201cCreo que la ciudadan\u00eda merece no s\u00f3lo la rectificaci\u00f3n del se\u00f1or Gal\u00e1n, sino tambi\u00e9n la petici\u00f3n de perd\u00f3n por sus declaraciones\u201d, advirti\u00f3 la funcionaria, sin que hasta el momento haya mostrado el empresario ning\u00fan inter\u00e9s por hacerle caso a la ministra.<\/span><\/p>\n<p class=\"p1\"><span style=\"font-size: 14pt;\">Por su parte, la Vicepresidenta primera y Ministra de Asuntos Econ\u00f3micos y Transformaci\u00f3n Digital, Nadia Calvi\u00f1o, tambi\u00e9n critic\u00f3 la \u201cfalta de empat\u00eda\u201d de S\u00e1nchez Gal\u00e1n, por llamar \u201ctontos\u201d a los consumidores que est\u00e1n acogidos a la tarifa regulada de la luz.<\/span><\/p>\n<p class=\"p1\"><span style=\"font-size: 14pt;\">Si esta es la impresi\u00f3n que los due\u00f1os del suministro de energ\u00eda tienen de su propia gente, ya debemos imaginar lo que piensan de quienes en una actitud de mansedumbre votaron en favor de ellos por una propina.<\/span><\/p>\n<p class=\"p1\"><span style=\"font-size: 14pt;\">Si entre mexicanos los valores de algunos radican en considerar que hay seres humanos superiores a otros, que llaman nacos a sus iguales y basan su superioridad en cuestiones materiales, imaginemos c\u00f3mo nos ven, desde Espa\u00f1a, a los mexicanos.<\/span><\/p>\n<p class=\"p1\"><span style=\"font-size: 14pt;\">Precisamente la palabra naco se deriva de totonaco, habitante natural de la sierra norte de Puebla y del norte del estado de Veracruz. Es decir, quienes tienen rasgos ind\u00edgenas, algunos creen que pueden adaptar una palabra de origen \u00e9tnico como insulto.<\/span><\/p>\n<p>&nbsp;<\/p>\n<p class=\"p1\"><strong><span style=\"font-size: 18pt;\">La defensa de los conservadores mexicanos radica en que si se limitan las libres acciones de las empresas extranjeras, la inversi\u00f3n de esos pa\u00edses se detendr\u00e1 y la que ya existe en nuestro territorio saldr\u00e1 del pa\u00eds. Nada m\u00e1s err\u00f3neo porque el suministro de energ\u00eda el\u00e9ctrica sigue siendo un negocio redondo a pesar de las restricciones que pudiera tener cualquier pa\u00eds respecto a la invasi\u00f3n de empresas extranjeras que tratan de violentar la autonom\u00eda de nuestra soberan\u00eda, adue\u00f1\u00e1ndose de la riqueza de los mexicanos.<\/span><\/strong><\/p>\n<p>&nbsp;<\/p>\n<p class=\"p1\"><span style=\"font-size: 14pt;\">Ya lo hab\u00eda advertido Adolfo L\u00f3pez Mateos el 27 de septiembre de 1960: \u201cSolo un Traidor entrega su Pa\u00eds a los Extranjeros; los mexicanos podemos hacer todo mejor que cualquier otro Pa\u00eds. Cuando un Gobernante Extranjero me pregunta si hay posibilidad de entrar al Negocio de los Energ\u00e9ticos o a la electricidad, le respondo que apenas estamos Independiz\u00e1ndonos de las Invasiones Extrajeras que nos vaciaron el pa\u00eds\u201d.<\/span><\/p>\n<p class=\"p1\"><span style=\"font-size: 14pt;\">Esto quiere decir que quien llama traidor a la patria a todo aquel legislador que intent\u00f3 favorecer a empresas como Iberdrola, es el propio Adolfo L\u00f3pez Mateos, militante del PRI, y llevado por los mexicanos a la Presidencia de la Rep\u00fablica, luego de haber sido secretario del Trabajo, y tambi\u00e9n l\u00edder nacional de ese partido, lo que quiere decir que los pri\u00edstas son doblemente traidores porque ni siquiera fueron capaces de hacer respetar su pasado partidista, todo a cambio de unas monedas.<\/span><\/p>\n<p class=\"p1\"><span style=\"font-size: 14pt;\">La actitud del due\u00f1o de Iberdrola muestra el desprecio por quienes debe respetar, por sus paisanos, no lo hace, as\u00ed como tampoco respeta siquiera a quienes se vendieron por unas monedas y menos a\u00fan puede tener consideraciones para las v\u00edctimas de los abusos de sus tarifas que condenan a la poblaci\u00f3n a una mayor pobreza.<\/span><\/p>\n<p class=\"p1\"><span style=\"font-size: 14pt;\"><b>PEGA Y CORRE.<\/b> A la denuncia penal que present\u00f3 el diputado Sergio Guti\u00e9rrez Luna contra la mayor\u00eda de los consejeros del INE, se suma otra de F\u00e9lix Salgado Macedonio, por violaci\u00f3n al fallo de la Suprema Corte de Justicia\u2026 <\/span><\/p>\n<p>&nbsp;<\/p>\n<p class=\"p1\"><strong><span style=\"font-size: 18pt;\">Esta columna se publica los lunes, mi\u00e9rcoles y viernes<\/span><\/strong><\/p>\n<p>&nbsp;<\/p>\n","protected":false},"excerpt":{"rendered":"<p>&nbsp; Por \u00c1ngel \u00c1lvaro Pe\u00f1a Adue\u00f1arse de un derecho de los seres humanos debe ser un delito que se castigue<\/p>\n","protected":false},"author":4,"featured_media":3187,"comment_status":"closed","ping_status":"closed","sticky":false,"template":"","format":"standard","meta":{"colormag_page_container_layout":"default_layout","colormag_page_sidebar_layout":"default_layout","_jetpack_memberships_contains_paid_content":false,"footnotes":"","jetpack_publicize_message":"","jetpack_publicize_feature_enabled":true,"jetpack_social_post_already_shared":false,"jetpack_social_options":{"image_generator_settings":{"template":"highway","default_image_id":0,"font":"","enabled":false},"version":2}},"categories":[6],"tags":[633,635],"class_list":["post-4118","post","type-post","status-publish","format-standard","has-post-thumbnail","hentry","category-columnistas","tag-energia-electrica","tag-iberdrola"],"jetpack_publicize_connections":[],"jetpack_featured_media_url":"https:\/\/noticiasveracruz.com\/wp-content\/uploads\/2022\/04\/A\u0301NGEL-A\u0301LVARO-PEN\u0303A.png","jetpack_sharing_enabled":true,"publishpress_future_action":{"enabled":false,"date":"2026-05-07 07:47:15","action":"change-status","newStatus":"draft","terms":[],"taxonomy":"category","extraData":[]},"publishpress_future_workflow_manual_trigger":{"enabledWorkflows":[]},"_links":{"self":[{"href":"https:\/\/noticiasveracruz.com\/index.php\/wp-json\/wp\/v2\/posts\/4118","targetHints":{"allow":["GET"]}}],"collection":[{"href":"https:\/\/noticiasveracruz.com\/index.php\/wp-json\/wp\/v2\/posts"}],"about":[{"href":"https:\/\/noticiasveracruz.com\/index.php\/wp-json\/wp\/v2\/types\/post"}],"author":[{"embeddable":true,"href":"https:\/\/noticiasveracruz.com\/index.php\/wp-json\/wp\/v2\/users\/4"}],"replies":[{"embeddable":true,"href":"https:\/\/noticiasveracruz.com\/index.php\/wp-json\/wp\/v2\/comments?post=4118"}],"version-history":[{"count":0,"href":"https:\/\/noticiasveracruz.com\/index.php\/wp-json\/wp\/v2\/posts\/4118\/revisions"}],"wp:featuredmedia":[{"embeddable":true,"href":"https:\/\/noticiasveracruz.com\/index.php\/wp-json\/wp\/v2\/media\/3187"}],"wp:attachment":[{"href":"https:\/\/noticiasveracruz.com\/index.php\/wp-json\/wp\/v2\/media?parent=4118"}],"wp:term":[{"taxonomy":"category","embeddable":true,"href":"https:\/\/noticiasveracruz.com\/index.php\/wp-json\/wp\/v2\/categories?post=4118"},{"taxonomy":"post_tag","embeddable":true,"href":"https:\/\/noticiasveracruz.com\/index.php\/wp-json\/wp\/v2\/tags?post=4118"}],"curies":[{"name":"wp","href":"https:\/\/api.w.org\/{rel}","templated":true}]}}