{"id":41176,"date":"2024-10-01T15:34:19","date_gmt":"2024-10-01T20:34:19","guid":{"rendered":"https:\/\/noticiasveracruz.com\/?p=41176"},"modified":"2024-10-01T15:34:19","modified_gmt":"2024-10-01T20:34:19","slug":"200-anos-de-bruckner-con-la-sinfonia-n-7","status":"publish","type":"post","link":"https:\/\/noticiasveracruz.com\/index.php\/2024\/10\/01\/200-anos-de-bruckner-con-la-sinfonia-n-7\/","title":{"rendered":"200 a\u00f1os de Bruckner con la Sinfon\u00eda n.\u00b0 7"},"content":{"rendered":"<ul>\n<li><span style=\"font-size: 14pt;\"><strong>Martin Lebel, director titular<\/strong><\/span><\/li>\n<\/ul>\n<p><span style=\"font-size: 14pt;\">La Orquesta Sinf\u00f3nica de Xalapa inicia el mes de octubre conmemorando 200 a\u00f1os del natalicio de una de las figuras m\u00e1s importantes en la m\u00fasica sinf\u00f3nica, Anton Bruckner. Interpretando para el p\u00fablico veracruzano su obra m\u00e1s exitosa: la Sinfon\u00eda n.\u00b0 7, desde Tlaqn\u00e1, Centro Cultural. Bajo la batuta de Martin Lebel, director titular.<\/span><\/p>\n<p><span style=\"font-size: 14pt;\">Este concierto se realizar\u00e1 el viernes 4 de octubre a las 20:00 hrs.<\/span><\/p>\n<p><span style=\"font-size: 14pt;\">En medio de una \u00e9poca repleta de drama y poemas sinf\u00f3nicos que atraparon al resto de sus contempor\u00e1neos en el siglo XIX, el compositor y organista austr\u00edaco, Anton Bruckner, destac\u00f3 por su absolutismo en la forma m\u00e1s amplia y majestuosa de la composici\u00f3n: las sinfon\u00edas.<\/span><\/p>\n<p><span style=\"font-size: 14pt;\">Su Sinfon\u00eda n.\u00b0 7 constituy\u00f3 el mayor \u00e9xito de toda su carrera. Estrenada en 1884 con la orquesta de Gewanhaus y dirigida por Arthur Nikisch un a\u00f1o despu\u00e9s de la muerte del compositor. La nobleza y la monumentalidad de sus temas, as\u00ed como su genial orquestaci\u00f3n, hacen de la \u201cS\u00e9ptima\u201d uno de los logros musicales m\u00e1s sublimes que se conocen en el mundo de lo sinf\u00f3nico. La colosal arquitectura de esta obra maestra parece sugerir la imagen de una catedral g\u00f3tica y su Adagio, tan fervientemente religioso, es casi un milagro musical.<\/span><\/p>\n<p><span style=\"font-size: 14pt;\">Adem\u00e1s, se realizar\u00e1 la Charla de Concierto en punto de las 19:00 h desde la Sala Did\u00e1ctica de Tlaqn\u00e1, Centro Cultural. Para explorar y profundizar en esta magn\u00edfica obra, el ponente a cargo ser\u00e1 el Mtro. Arturo Cuevas, de la Facultad de M\u00fasica UV.<\/span><\/p>\n<p>&nbsp;<\/p>\n","protected":false},"excerpt":{"rendered":"<p>Martin Lebel, director titular La Orquesta Sinf\u00f3nica de Xalapa inicia el mes de octubre conmemorando 200 a\u00f1os del natalicio de<\/p>\n","protected":false},"author":4,"featured_media":41177,"comment_status":"closed","ping_status":"closed","sticky":false,"template":"","format":"standard","meta":{"colormag_page_container_layout":"default_layout","colormag_page_sidebar_layout":"default_layout","_jetpack_memberships_contains_paid_content":false,"footnotes":"","jetpack_publicize_message":"","jetpack_publicize_feature_enabled":true,"jetpack_social_post_already_shared":true,"jetpack_social_options":{"image_generator_settings":{"template":"highway","default_image_id":0,"font":"","enabled":false},"version":2}},"categories":[358,145],"tags":[],"class_list":["post-41176","post","type-post","status-publish","format-standard","has-post-thumbnail","hentry","category-cultura","category-estados"],"jetpack_publicize_connections":[],"jetpack_featured_media_url":"https:\/\/noticiasveracruz.com\/wp-content\/uploads\/2024\/10\/Foto-Lebel-OSX.jpg","jetpack_sharing_enabled":true,"publishpress_future_action":{"enabled":false,"date":"2026-05-07 23:58:56","action":"change-status","newStatus":"draft","terms":[],"taxonomy":"category","extraData":[]},"publishpress_future_workflow_manual_trigger":{"enabledWorkflows":[]},"_links":{"self":[{"href":"https:\/\/noticiasveracruz.com\/index.php\/wp-json\/wp\/v2\/posts\/41176","targetHints":{"allow":["GET"]}}],"collection":[{"href":"https:\/\/noticiasveracruz.com\/index.php\/wp-json\/wp\/v2\/posts"}],"about":[{"href":"https:\/\/noticiasveracruz.com\/index.php\/wp-json\/wp\/v2\/types\/post"}],"author":[{"embeddable":true,"href":"https:\/\/noticiasveracruz.com\/index.php\/wp-json\/wp\/v2\/users\/4"}],"replies":[{"embeddable":true,"href":"https:\/\/noticiasveracruz.com\/index.php\/wp-json\/wp\/v2\/comments?post=41176"}],"version-history":[{"count":0,"href":"https:\/\/noticiasveracruz.com\/index.php\/wp-json\/wp\/v2\/posts\/41176\/revisions"}],"wp:featuredmedia":[{"embeddable":true,"href":"https:\/\/noticiasveracruz.com\/index.php\/wp-json\/wp\/v2\/media\/41177"}],"wp:attachment":[{"href":"https:\/\/noticiasveracruz.com\/index.php\/wp-json\/wp\/v2\/media?parent=41176"}],"wp:term":[{"taxonomy":"category","embeddable":true,"href":"https:\/\/noticiasveracruz.com\/index.php\/wp-json\/wp\/v2\/categories?post=41176"},{"taxonomy":"post_tag","embeddable":true,"href":"https:\/\/noticiasveracruz.com\/index.php\/wp-json\/wp\/v2\/tags?post=41176"}],"curies":[{"name":"wp","href":"https:\/\/api.w.org\/{rel}","templated":true}]}}