{"id":4116,"date":"2022-05-09T01:45:57","date_gmt":"2022-05-09T06:45:57","guid":{"rendered":"https:\/\/noticiasveracruz.com\/?p=4116"},"modified":"2022-05-09T01:27:20","modified_gmt":"2022-05-09T06:27:20","slug":"reforma-electoral-no-pasara-pero","status":"publish","type":"post","link":"https:\/\/noticiasveracruz.com\/index.php\/2022\/05\/09\/reforma-electoral-no-pasara-pero\/","title":{"rendered":"Reforma Electoral no pasar\u00e1, \u00bfpero?"},"content":{"rendered":"<p class=\"p1\">\n<p class=\"p1\"><span style=\"font-size: 18pt;\"><b>Por Francisco Blanco Calder\u00f3n<\/b><\/span><\/p>\n<p class=\"p1\"><span style=\"font-size: 14pt;\">\u201cLa victoria de Andr\u00e9s Manuel L\u00f3pez Obrador en el refer\u00e9ndum revocatorio confirm\u00f3 su estatus como uno de los l\u00edderes de izquierda m\u00e1s populares del mundo y fortalece su misi\u00f3n de rehacer la pol\u00edtica mexicana. \u00c9l y su partido son tan populares como siempre.<span class=\"Apple-converted-space\">\u00a0 <\/span>Morena est\u00e1 listo para ganar la mayor\u00eda de las gubernaturas en juego este a\u00f1o\u2026 Mientras tanto, la oposici\u00f3n est\u00e1 en ruinas, con la coalici\u00f3n electoral derechista \u201cVa por M\u00e9xico\u201d en desorden y la \u201calianza federal\u201d de gobernadores opositores desmoronada. Se cort\u00f3 list\u00f3n en el Aeropuerto Felipe \u00c1ngeles en la Ciudad de M\u00e9xico y el mes pr\u00f3ximo en la Refiner\u00eda Dos Bocas en el estado de Tabasco. Adem\u00e1s en su gobierno se nacionaliza importantes reservas de litio del pa\u00eds y recibe todo el respaldo de la SCJN para el control energ\u00e9tico\u201d (La \u00e9ra de AMLO. Kurt Hackbarth, Tribune. Inglaterra).<\/span><\/p>\n<p class=\"p1\"><span style=\"font-size: 14pt;\">Al destacar las motivaciones para promover una nueva Reforma Electoral, el presidente Andr\u00e9s Manuel L\u00f3pez Obrador sostuvo que \u201cser\u00eda una gran irresponsabilidad de su parte, surgir de un movimiento democr\u00e1tico, venir de una lucha democr\u00e1tica, llegar a la Presidencia, tener la facultad para presentar una iniciativa de reforma constitucional y no hacerlo porque se van a enojar los oligarcas o sus voceros, o sus intelectuales org\u00e1nicos o sus achichincles\u201d. No hay otro pa\u00eds \u2013y es vergonzoso\u2013 con m\u00e1s fraudes electorales que M\u00e9xico, con m\u00e1s imposiciones, con falta de democracia, con predominio de partidos \u00fanicos, con mafias del poder dominando el pa\u00eds, con grupos de intereses creados que mandan, deciden, que hayan llegado al extremo de subordinar a todos los poderes p\u00fablicos. <\/span><\/p>\n<p class=\"p1\"><span style=\"font-size: 14pt;\">\u00bfCu\u00e1l es el prop\u00f3sito del presidente Andr\u00e9s Manuel L\u00f3pez Obrador de enviar una propuesta de reforma pol\u00edtica condenada a ser rechazada en la C\u00e1mara? <\/span><\/p>\n<p class=\"p1\"><span style=\"font-size: 14pt;\">Hace unos d\u00edas su iniciativa en materia energ\u00e9tica qued\u00f3 lejos de conseguir los dos tercios necesarios para ser aprobada en el Congreso; esta nueva propuesta, que afecta el inter\u00e9s mismo de los diputados y las finanzas de los partidos que habr\u00e1n de calificarla, tendr\u00e1 a\u00fan menos posibilidades de ser aprobada. \u00bfCu\u00e1l es la intenci\u00f3n del presidente al someter a discusi\u00f3n una iniciativa cuya derrota ha sido anunciada?<\/span><\/p>\n<p class=\"p1\">\n<p class=\"p1\"><span style=\"font-size: 18pt;\"><strong>La Reforma Electoral: una manzana de la discordia m\u00e1s, as\u00ed lo sostuvo el doctor Lorenzo Meyer, ante Julio Astillero, ya que considera que la iniciativa de reforma electoral se present\u00f3 a sabiendas de que no ser\u00e1 aprobada en el Congreso. Sin embargo, sus objetivos son \u201ccobrarle cuentas\u201d al INE y decirle al ciudadano que est\u00e1 pagando por un aparato democr\u00e1tico muy costoso y le est\u00e1n tomando el pelo. <\/strong><\/span><\/p>\n<p>&nbsp;<\/p>\n<p class=\"p1\"><span style=\"font-size: 14pt;\">Al anticipar que la Reforma Electoral enviada por el presidente L\u00f3pez Obrador no pasar\u00e1 en el Congreso federal, el senador Julen Rementer\u00eda del Puerto, vocero del VOX, representante de Le Pen, subsidiario de \u00c1lvaro Uribe, fiel creyente de Victoriano Huerta, consider\u00f3 que s\u00f3lo es un distractor del Ejecutivo y Morena, \u201cpara polarizar, controvertir y tratar de poner como el malo al INE\u201d.<\/span><\/p>\n<p>&nbsp;<\/p>\n<p class=\"p1\"><span style=\"font-size: 18pt;\"><b>CUATRO MOTIVOS <\/b><\/span><\/p>\n<p class=\"p1\"><span style=\"font-size: 14pt;\">Jorge Zepeda Patersson propone cuatro motivos que inducen al presidente con la Reforma Electoral: 1. EL JUICIO HIST\u00d3RICO, AMLO es un hombre obsesionado con la historia, ya que<span class=\"Apple-converted-space\">\u00a0 <\/span>est\u00e1 convencido de que el balance de su Gobierno ser\u00e1 la suma de logros concretos, pero tambi\u00e9n de las intenciones no materializadas debido a la fuerza o a la bajeza de sus adversarios. 2. AGENDA POST SEXENAL. La batalla por convencer, conseguir votos, polemizar en torno a la necesidad de estos cambios, hacen de estas demandas reivindicaciones permanentes del obradorismo y, en esa medida, mandatos populares inevitables para el pr\u00f3ximo presidente. 3. DESPRESTIGIO DE LA OPOSICI\u00d3N. L\u00f3pez Obrador entiende que puede ganar a\u00fan perdiendo. La denuncia ante la opini\u00f3n p\u00fablica de los excesos y pr\u00e1cticas viciadas que la reforma pol\u00edtica deja en situaci\u00f3n inc\u00f3moda a la oposici\u00f3n que rechazar\u00eda tales enmiendas. Diputados, senadores y partidos pol\u00edticos son los protagonistas de la vida p\u00fablica con las cuotas m\u00e1s bajas en las encuestas de legitimidad. 4. MODIFICAR PARADIGMAS; Una reforma que se presenta como destinada a disminuir el n\u00famero de diputados y senadores, reducir el oneroso costo que representan partidos, y simplificar los procesos electorales va a gozar, de entrada, de una simpat\u00eda popular nada despreciable, el hecho de que ahora se ponga sobre la mesa de discusi\u00f3n una acci\u00f3n concreta para modificar ese estado de cosas lo convierte a ojos de la poblaci\u00f3n en una bandera exigible. Y eso constituir\u00e1 una presi\u00f3n sobre la clase pol\u00edtica\u201d.<span class=\"Apple-converted-space\">\u00a0 <\/span>(Jorge Zepeda Paterson, Sin Embargo:<span class=\"Apple-converted-space\">\u00a0 <\/span>https:\/\/www.sinembargo.mx\/01-05-2022\/4173593 )<\/span><\/p>\n<p>&nbsp;<\/p>\n<p class=\"p1\"><span style=\"font-size: 18pt;\"><strong>Epigmenio Ibarra expres\u00f3 en Twitter: El miedo y el odio son las herramientas de la derecha conservadora. M\u00e1s que divulgar un programa pol\u00edtico; que no tienen, exponer sus ideas y sus propuestas; que tampoco tienen, intentar\u00e1n generar incertidumbre, confusi\u00f3n, desconfianza entre la ciudadan\u00eda.<\/strong><\/span><\/p>\n<p>&nbsp;<\/p>\n<p class=\"p1\"><span style=\"font-size: 14pt;\">Y as\u00ed en redes se desbordaron los comentarios: \u201cEl marketing para \u00abfabricar\u00bb un l\u00edder de oposici\u00f3n ya no les resulta. Perdieron el control de la informaci\u00f3n por las redes sociales. Y est\u00e1n tan ocupados en criticar, que han olvidado hacer pol\u00edtica. Las voces y plumas \u00abanal\u00edticas\u00bb ya no les dan resultados. Nunca han sabido trabajar\u201d, (Stark27709302.Twitter).<\/span><\/p>\n<p class=\"p1\"><span style=\"font-size: 14pt;\">En suma, lo que parece un soberano contrasentido, hacer una propuesta destinada a fracasar en las c\u00e1maras, puede ser un triunfo para L\u00f3pez Obrador en muchos otros terrenos. Puede ser acusado de atrabancado, r\u00fastico o provinciano, pero lo cierto es que en materia de estrategia L\u00f3pez Obrador parecer\u00eda ir dos pasos adelante del resto de la clase pol\u00edtica, y que cuando los dem\u00e1s van \u00e9l ya viene de regreso. Veremos si esta operaci\u00f3n tambi\u00e9n le resulta. Total si persisten los amparos y con ello el retraso de las obras estrat\u00e9gicas de la 4T,<span class=\"Apple-converted-space\">\u00a0 <\/span>le queda el recurso de alargar su mandato hasta que los jueces y magistrados dejen de recibir moches y a los artistas<span class=\"Apple-converted-space\">\u00a0 <\/span>y ambientalistas se les suspendan los subsidios de las grandes empresas trasnacionales. Traici\u00f3n a la patria fue el primer reclamo popular,<span class=\"Apple-converted-space\">\u00a0 <\/span>para encaminarse a la \u201cpaliza\u201d que les espera a su incapacidad, ineptitud como oposici\u00f3n pol\u00edtica.<\/span><\/p>\n<p>&nbsp;<\/p>\n<p>&nbsp;<\/p>\n<p>&nbsp;<\/p>\n<p>&nbsp;<\/p>\n<p>&nbsp;<\/p>\n<p>&nbsp;<\/p>\n","protected":false},"excerpt":{"rendered":"<p>Por Francisco Blanco Calder\u00f3n \u201cLa victoria de Andr\u00e9s Manuel L\u00f3pez Obrador en el refer\u00e9ndum revocatorio confirm\u00f3 su estatus como uno<\/p>\n","protected":false},"author":4,"featured_media":3566,"comment_status":"closed","ping_status":"closed","sticky":false,"template":"","format":"standard","meta":{"colormag_page_container_layout":"default_layout","colormag_page_sidebar_layout":"default_layout","_jetpack_memberships_contains_paid_content":false,"footnotes":"","jetpack_publicize_message":"","jetpack_publicize_feature_enabled":true,"jetpack_social_post_already_shared":false,"jetpack_social_options":{"image_generator_settings":{"template":"highway","default_image_id":0,"font":"","enabled":false},"version":2}},"categories":[6],"tags":[65,66,518],"class_list":["post-4116","post","type-post","status-publish","format-standard","has-post-thumbnail","hentry","category-columnistas","tag-andres-manuel-lopez-obrador","tag-ine","tag-reforma-electoral"],"jetpack_publicize_connections":[],"jetpack_featured_media_url":"https:\/\/noticiasveracruz.com\/wp-content\/uploads\/2022\/04\/NV-FRANCISCO-BLANCO.png","jetpack_sharing_enabled":true,"publishpress_future_action":{"enabled":false,"date":"2026-05-07 08:45:41","action":"change-status","newStatus":"draft","terms":[],"taxonomy":"category","extraData":[]},"publishpress_future_workflow_manual_trigger":{"enabledWorkflows":[]},"_links":{"self":[{"href":"https:\/\/noticiasveracruz.com\/index.php\/wp-json\/wp\/v2\/posts\/4116","targetHints":{"allow":["GET"]}}],"collection":[{"href":"https:\/\/noticiasveracruz.com\/index.php\/wp-json\/wp\/v2\/posts"}],"about":[{"href":"https:\/\/noticiasveracruz.com\/index.php\/wp-json\/wp\/v2\/types\/post"}],"author":[{"embeddable":true,"href":"https:\/\/noticiasveracruz.com\/index.php\/wp-json\/wp\/v2\/users\/4"}],"replies":[{"embeddable":true,"href":"https:\/\/noticiasveracruz.com\/index.php\/wp-json\/wp\/v2\/comments?post=4116"}],"version-history":[{"count":0,"href":"https:\/\/noticiasveracruz.com\/index.php\/wp-json\/wp\/v2\/posts\/4116\/revisions"}],"wp:featuredmedia":[{"embeddable":true,"href":"https:\/\/noticiasveracruz.com\/index.php\/wp-json\/wp\/v2\/media\/3566"}],"wp:attachment":[{"href":"https:\/\/noticiasveracruz.com\/index.php\/wp-json\/wp\/v2\/media?parent=4116"}],"wp:term":[{"taxonomy":"category","embeddable":true,"href":"https:\/\/noticiasveracruz.com\/index.php\/wp-json\/wp\/v2\/categories?post=4116"},{"taxonomy":"post_tag","embeddable":true,"href":"https:\/\/noticiasveracruz.com\/index.php\/wp-json\/wp\/v2\/tags?post=4116"}],"curies":[{"name":"wp","href":"https:\/\/api.w.org\/{rel}","templated":true}]}}