{"id":4114,"date":"2022-05-09T01:40:23","date_gmt":"2022-05-09T06:40:23","guid":{"rendered":"https:\/\/noticiasveracruz.com\/?p=4114"},"modified":"2022-05-09T01:23:25","modified_gmt":"2022-05-09T06:23:25","slug":"pepena-de-analisis","status":"publish","type":"post","link":"https:\/\/noticiasveracruz.com\/index.php\/2022\/05\/09\/pepena-de-analisis\/","title":{"rendered":"Pepena de an\u00e1lisis"},"content":{"rendered":"<p>&nbsp;<\/p>\n<p class=\"p1\"><span style=\"font-size: 18pt;\"><b>Por Jos\u00e9 Garc\u00eda S\u00e1nchez<\/b><\/span><\/p>\n<p class=\"p1\"><span style=\"font-size: 14pt;\"><strong>La tecnolog\u00eda no alcanza para justificar aseveraciones de algunos vocingleros conservadores<\/strong> que consideran que es suficiente tener im\u00e1genes en el celular de los lugares de los que habla para convertirse en expertos de la pol\u00edtica de esos lejanos sitios.<strong> Ahora hasta los medios exageran este tipo de informaci\u00f3n y rayan en el absurdo.<\/strong><\/span><\/p>\n<p>&nbsp;<\/p>\n<p class=\"p1\"><strong><span style=\"font-size: 18pt;\">La tecnolog\u00eda tampoco otorga inteligencia artificial ni conocimientos instant\u00e1neos y ef\u00edmeros, menos a\u00fan vocaci\u00f3n period\u00edstica. Menos a\u00fan inyecta capacidad de an\u00e1lisis o certeza en la interpretaci\u00f3n de la realidad.<\/span><\/strong><\/p>\n<p>&nbsp;<\/p>\n<p class=\"p1\"><span style=\"font-size: 14pt;\">Hay medios mexicanos que dan cifras exactas sobre lo que sucede en Ucrania, detalles que se observan ni siquiera estando en ese lugar, haciendo evidente su consigna en lugar de realidad.<\/span><\/p>\n<p class=\"p1\"><span style=\"font-size: 14pt;\"><strong>En la pol\u00edtica nacional el rid\u00edculo se muestra todos los d\u00edas<\/strong>, porque personas que han ido a la Ciudad de M\u00e9xico s\u00f3lo algunas veces se convierten en expertos para cuestionar la pol\u00edtica de la capital del pa\u00eds desde el interior de la rep\u00fablica s\u00f3lo para desacreditar a la jefa de gobierno.<\/span><\/p>\n<p class=\"p1\"><span style=\"font-size: 14pt;\"><strong>Lo mismo sucede con algunos fan\u00e1ticos del protagonismo hablando sobre supuestos da\u00f1os en el Tramo 5 del Tren Maya, cuando la mayor\u00eda de ellos nunca ha visitado ni siquiera el estado de Quintana Roo<\/strong>. Desde el inicio del actual sexenio existe una serie de comentaristas que sin conocer siquiera un libro de teor\u00eda pol\u00edtica repiten noticias falsas o emulan supuestos periodistas. Porque aun periodista no es aquel que tiene frente a s\u00ed un micr\u00f3fono o una computadora y tiene la oportunidad, inexplicable por cierto, de publicar.<\/span><\/p>\n<p>&nbsp;<\/p>\n<p class=\"p1\"><span style=\"font-size: 18pt;\"><strong>Durante la pandemia eran epidemi\u00f3logos, despu\u00e9s fueron economistas, despu\u00e9s medidores intuitivos de la inflaci\u00f3n, ecologistas, licenciados en aeron\u00e1utica, etc. Si esos temas fueran idiomas tendr\u00edamos todo un ej\u00e9rcito de pol\u00edglotas que en realidad, son un grupo de improvisados que distinguen entre notas reales y fake news.<\/strong><\/span><\/p>\n<p>&nbsp;<\/p>\n<p class=\"p1\"><span style=\"font-size: 14pt;\">Muchos de esos periodistas hablan sin conocer pero publicar imitando. Les basta una consigna, son una especie de <strong>pepenadores de noticias falsas<\/strong> para basarse en ellas para emitir una opini\u00f3n en la que ya no cree la poblaci\u00f3n. Se notan las manipulaciones, se muestran las tendencias partidistas.<\/span><\/p>\n<p>&nbsp;<\/p>\n<p class=\"p1\"><span style=\"font-size: 18pt;\"><strong>Cuando se colocan los lentes de la consigna ante la interpretaci\u00f3n de la realidad se borra la verdad y desaparece la certeza, porque al mentir se tergiversa su trabajo. No se tergiversa la realidad, mentir en los medios con o sin causa, es como escupir para arriba. Lo peor de todo es que quienes realizan esa pr\u00e1ctica no se dan cuenta que se les descubre en cada l\u00ednea, en cada concepto, en cada cuestionamiento.<\/strong><\/span><\/p>\n<p>&nbsp;<\/p>\n<p class=\"p1\"><span style=\"font-size: 14pt;\">Los medios han encontrado una trinchera nueva desde la aparici\u00f3n de la pandemia para cuestionar todo lo que hace el gobierno federal en \u00e9ste y otros problemas, ese dique de contenci\u00f3n es lo que llaman especialistas, expertos, estudiosos del tema, peritos, que nada saben del tema, pero los sacan de alguna universidad poco conocida para dar puntos de vista que intentan desvirtuar la realidad del pa\u00eds.<\/span><\/p>\n<p class=\"p1\"><span style=\"font-size: 14pt;\">Mo hay inocencia en esa gente ni en los improvisados comentaristas pol\u00edticos ni en los medios que buscan debajo de las piedras a sus entrevistados que no logran enga\u00f1ar a nadie. Y s\u00f3lo quedan en rid\u00edculo, pero creen que con ello contribuyen a descarrilar al gobierno federal en general y al presidente de la Rep\u00fablica en particular. Porque esa tinta de los improvisados que corre contra la popularidad se revierte y muestra que nunca en la historia de M\u00e9xico al cuarto a\u00f1o de gobierno la popularidad del Presidente supere los 71 puntos porcentuales.<\/span><\/p>\n<p>&nbsp;<\/p>\n<p class=\"p1\"><span style=\"font-size: 18pt;\"><strong>Opinar a larga distancia de lo que se habla puede ser justificado cuando lo respalda un conocimiento te\u00f3rico y pr\u00e1ctico del tema. No es necesario viajar en el tiempo para conocer la vida de Hern\u00e1n Cort\u00e9s, tampoco podemos negar su existencia ante las evidencias de su paso por la historia, pero s\u00ed es necesario conocer el tema del que se habla antes de tratar de acortar distancias y resumir realidades que no pueden sintetizarse en un an\u00e1lisis carente de conocimiento e inteligencia.<\/strong><\/span><\/p>\n<p>&nbsp;<\/p>\n<p>&nbsp;<\/p>\n","protected":false},"excerpt":{"rendered":"<p>&nbsp; Por Jos\u00e9 Garc\u00eda S\u00e1nchez La tecnolog\u00eda no alcanza para justificar aseveraciones de algunos vocingleros conservadores que consideran que es<\/p>\n","protected":false},"author":4,"featured_media":3183,"comment_status":"closed","ping_status":"closed","sticky":false,"template":"","format":"standard","meta":{"colormag_page_container_layout":"default_layout","colormag_page_sidebar_layout":"default_layout","_jetpack_memberships_contains_paid_content":false,"footnotes":"","jetpack_publicize_message":"","jetpack_publicize_feature_enabled":true,"jetpack_social_post_already_shared":false,"jetpack_social_options":{"image_generator_settings":{"template":"highway","default_image_id":0,"font":"","enabled":false},"version":2}},"categories":[6],"tags":[631,630],"class_list":["post-4114","post","type-post","status-publish","format-standard","has-post-thumbnail","hentry","category-columnistas","tag-noticias-falsas","tag-pepenadores"],"jetpack_publicize_connections":[],"jetpack_featured_media_url":"https:\/\/noticiasveracruz.com\/wp-content\/uploads\/2022\/04\/NV-JOSE\u0301-GARCI\u0301A.png","jetpack_sharing_enabled":true,"publishpress_future_action":{"enabled":false,"date":"2026-05-07 09:31:15","action":"change-status","newStatus":"draft","terms":[],"taxonomy":"category","extraData":[]},"publishpress_future_workflow_manual_trigger":{"enabledWorkflows":[]},"_links":{"self":[{"href":"https:\/\/noticiasveracruz.com\/index.php\/wp-json\/wp\/v2\/posts\/4114","targetHints":{"allow":["GET"]}}],"collection":[{"href":"https:\/\/noticiasveracruz.com\/index.php\/wp-json\/wp\/v2\/posts"}],"about":[{"href":"https:\/\/noticiasveracruz.com\/index.php\/wp-json\/wp\/v2\/types\/post"}],"author":[{"embeddable":true,"href":"https:\/\/noticiasveracruz.com\/index.php\/wp-json\/wp\/v2\/users\/4"}],"replies":[{"embeddable":true,"href":"https:\/\/noticiasveracruz.com\/index.php\/wp-json\/wp\/v2\/comments?post=4114"}],"version-history":[{"count":0,"href":"https:\/\/noticiasveracruz.com\/index.php\/wp-json\/wp\/v2\/posts\/4114\/revisions"}],"wp:featuredmedia":[{"embeddable":true,"href":"https:\/\/noticiasveracruz.com\/index.php\/wp-json\/wp\/v2\/media\/3183"}],"wp:attachment":[{"href":"https:\/\/noticiasveracruz.com\/index.php\/wp-json\/wp\/v2\/media?parent=4114"}],"wp:term":[{"taxonomy":"category","embeddable":true,"href":"https:\/\/noticiasveracruz.com\/index.php\/wp-json\/wp\/v2\/categories?post=4114"},{"taxonomy":"post_tag","embeddable":true,"href":"https:\/\/noticiasveracruz.com\/index.php\/wp-json\/wp\/v2\/tags?post=4114"}],"curies":[{"name":"wp","href":"https:\/\/api.w.org\/{rel}","templated":true}]}}