{"id":4110,"date":"2022-05-09T01:30:31","date_gmt":"2022-05-09T06:30:31","guid":{"rendered":"https:\/\/noticiasveracruz.com\/?p=4110"},"modified":"2022-05-09T01:15:01","modified_gmt":"2022-05-09T06:15:01","slug":"imss-da-apoyo-en-la-vacunacion-contra-covid-19","status":"publish","type":"post","link":"https:\/\/noticiasveracruz.com\/index.php\/2022\/05\/09\/imss-da-apoyo-en-la-vacunacion-contra-covid-19\/","title":{"rendered":"IMSS da apoyo en la vacunaci\u00f3n contra Covid 19"},"content":{"rendered":"<p>&nbsp;<\/p>\n<p class=\"p1\"><span style=\"font-size: 18pt;\"><b>Por Ra\u00fal L\u00f3pez G\u00f3mez<\/b><\/span><\/p>\n<p class=\"p1\"><span style=\"font-size: 14pt;\">No hay que bajar la guardia, por eso personal de salud del Instituto Mexicano del Seguro Social (IMSS) en Veracruz Norte, participa activamente en la Jornada de Vacunaci\u00f3n del Plan Nacional de Salud, aplicando dosis contra Covid 19 a poblaci\u00f3n adolescente de 12 a 17 a\u00f1os de edad. <\/span><\/p>\n<p class=\"p1\"><span style=\"font-size: 14pt;\">Tambi\u00e9n, se aplica primer refuerzo<span class=\"Apple-converted-space\">\u00a0 <\/span>a mayores de 18 a\u00f1os, con al menos 4 meses cumplidos de su esquema primario y<span class=\"Apple-converted-space\">\u00a0 <\/span>segundo refuerzo a mayores de 60 a\u00f1os y personal de salud (con al menos 4 meses posteriores a su primer refuerzo).<\/span><\/p>\n<p>&nbsp;<\/p>\n<p><img loading=\"lazy\" decoding=\"async\" class=\"aligncenter wp-image-5009\" src=\"https:\/\/politicosaldesnudo.com.mx\/wp-content\/uploads\/2022\/05\/COSMOVISIO\u0301N-2-300x211.jpg\" alt=\"\" width=\"800\" height=\"561\" \/><\/p>\n<p>&nbsp;<\/p>\n<p class=\"p1\"><span style=\"font-size: 14pt;\">La vacunaci\u00f3n se llev\u00f3 a cabo del 06 al 07 de mayo de 2022 en horario de 8:00 a 18:00 horas, en el Gimnasio Omega, ubicado en la calle Cayetano Rodr\u00edguez Beltr\u00e1n s\/n, zona Centro, Xalapa, Veracruz.<\/span><\/p>\n<p class=\"p1\"><span style=\"font-size: 14pt;\">Durante la aplicaci\u00f3n de la vacuna se acatan los protocolos de higiene y seguridad como son el uso obligatorio y correcto de cubrebocas, toma de temperatura y el uso de gel en alcohol a 70%. <\/span><\/p>\n<p class=\"p1\"><span style=\"font-size: 14pt;\">El IMSS en Veracruz Norte garantiza que la aplicaci\u00f3n se realiza en apego a la Pol\u00edtica Nacional de Vacunaci\u00f3n contra el Virus SARS-CoV-2 para la Prevenci\u00f3n de Covid 19 en M\u00e9xico.<\/span><\/p>\n<p class=\"p1\"><span style=\"font-size: 14pt;\">La campa\u00f1a de vacunaci\u00f3n Anti-Covid 19, seguir\u00e1 intensific\u00e1ndose con toda la poblaci\u00f3n y se debe estar atentos a los avisos y cumplir con esta medida, que poco a poco en un esfuerzo conjunto se va erradicando el mal de esta pandemia y evitar que resurja.<\/span><\/p>\n<p>&nbsp;<\/p>\n<p class=\"p1\"><span style=\"font-size: 18pt;\"><b>PUENTE Y TURISMO<\/b><\/span><\/p>\n<p class=\"p1\"><span style=\"font-size: 14pt;\">En otro tema, el puente del 5 de mayo aporta importante derrama econ\u00f3mica a la zona tur\u00edstica de Boca del R\u00edo.<\/span><\/p>\n<p class=\"p1\"><span style=\"font-size: 14pt;\">La zona hotelera de playas boque\u00f1as a toda su capacidad y con la mejor alternativa para el descanso y disfrutar del c\u00e1lido sol en est\u00e1s fechas.<\/span><\/p>\n<p class=\"p1\"><span style=\"font-size: 14pt;\">Por cierto, este s\u00e1bado el alcalde Juan Manuel Un\u00e1nue y la presidenta del DIF municipal Melina Rivera, inauguraron el Gran Mercadito Unidas Somos M\u00e1s Fuertes, en la plaza c\u00edvica Benito Ju\u00e1rez, frente al palacio municipal, con lo que se fortalece el compromiso de respaldo a las mujeres emprendedoras boque\u00f1as.<\/span><\/p>\n<p>&nbsp;<\/p>\n<p><img loading=\"lazy\" decoding=\"async\" class=\"aligncenter wp-image-5012 size-large\" src=\"https:\/\/politicosaldesnudo.com.mx\/wp-content\/uploads\/2022\/05\/COSMOVISIO\u0301N-5-1024x682.jpg\" alt=\"\" width=\"800\" height=\"533\" \/><\/p>\n<p>&nbsp;<\/p>\n<p class=\"p1\"><span style=\"font-size: 14pt;\">Muy emotivo el mensaje de Melina Rivera, presidenta del DIF municipal boque\u00f1o, al felicitar a todas las mujeres emprendedoras y que hacen un gran esfuerzo para apoyar a la econom\u00eda familiar y generar tambi\u00e9n fuentes de empleo <\/span><\/p>\n<p class=\"p1\"><span style=\"font-size: 14pt;\">Exhort\u00f3 a la poblaci\u00f3n a conocer este esfuerzo que se encuentra frente al palacio municipal. Unidas Somos M\u00e1s Fuertes, es la frase que ante un buen n\u00famero de participantes y asistentes a este evento evoc\u00f3 con entusiasmo.<\/span><\/p>\n<p>&nbsp;<\/p>\n<p class=\"p1\"><span style=\"font-size: 18pt;\"><b>AMLO POR CENTROAM\u00c9RICA<\/b><\/span><\/p>\n<p class=\"p1\"><span style=\"font-size: 14pt;\">En otro asunto, de excelentes resultados, la gira que el presidente Andr\u00e9s Manuel L\u00f3pez Obrador, realiz\u00f3 en Guatemala, El Salvador, Honduras y Cuba.<\/span><\/p>\n<p class=\"p1\"><span style=\"font-size: 14pt;\">El presidente mexicano, es un referente mundial, que apoya a los pa\u00edses latinoamericanos con el desarrollo de los programas sociales que han sido todo un \u00e9xito en las naciones Centroamericanas, sobre todo.<\/span><\/p>\n<p class=\"p1\"><span style=\"font-size: 14pt;\">El mensaje de L\u00f3pez Obrador es humano, confraterno y de solidaridad absoluta con los migrantes que van en busca del sue\u00f1o americano.<\/span><\/p>\n<p>&nbsp;<\/p>\n<p><img loading=\"lazy\" decoding=\"async\" class=\"aligncenter wp-image-5010\" src=\"https:\/\/politicosaldesnudo.com.mx\/wp-content\/uploads\/2022\/05\/COSMOVISIO\u0301N-3-300x200.jpeg\" alt=\"\" width=\"800\" height=\"534\" \/><\/p>\n<p>&nbsp;<\/p>\n<p>&nbsp;<\/p>\n<p class=\"p1\"><span style=\"font-size: 14pt;\">La estrategia es darle a la poblaci\u00f3n opciones de superaci\u00f3n en sus pa\u00edses por lo que los programas de Sembrando Vida y de J\u00f3venes Construyendo el Futuro, son una positiva alternativa de apoyo y de \u00e9xito.<\/span><\/p>\n<p class=\"p1\"><span style=\"font-size: 14pt;\">Ahora s\u00f3lo falta que EU cumpla con los 4 mil millones de d\u00f3lares ofrecidos en apoyo de estos pa\u00edses.<\/span><\/p>\n<p>&nbsp;<\/p>\n<p class=\"p1\"><span style=\"font-size: 18pt;\"><b>MC A LA PRESIDENCIA<\/b><\/span><\/p>\n<p class=\"p1\"><span style=\"font-size: 14pt;\">Mientras el veracruzano l\u00edder de Movimiento Ciudadano, Dante Delgado, afirma que en el 2024 su partido va por la presidencia del pa\u00eds teniendo como gallos a Enrique Alfaro, gobernador de Jalisco, Samuel Garc\u00eda, gobernador de Nuevo Le\u00f3n y Luis Donaldo Colosio Riojas, presidente municipal de Monterrey, este \u00faltimo joven es el m\u00e1s posicionado para darle la pelea a Morena seguramente con el tabasque\u00f1o Ad\u00e1n Augusto L\u00f3pez Hern\u00e1ndez, que ya huele a presidente. \u00c1ndale.<\/span><\/p>\n<p>&nbsp;<\/p>\n<p><img loading=\"lazy\" decoding=\"async\" class=\"wp-image-5011 size-large aligncenter\" src=\"https:\/\/politicosaldesnudo.com.mx\/wp-content\/uploads\/2022\/05\/COSMOVISIO\u0301N-4-1024x768.jpeg\" alt=\"\" width=\"800\" height=\"600\" \/><\/p>\n<p>&nbsp;<\/p>\n<p>&nbsp;<\/p>\n<p class=\"p1\"><span style=\"font-size: 18pt;\"><b>PEL\u00cdCULA EN XALAPA<\/b><\/span><\/p>\n<p class=\"p1\"><span style=\"font-size: 14pt;\">En Xalapa se informa, que permanecer\u00e1n cerradas de 9:00 a 1:00 pm todas las calles que den acceso al parque los Berros, esto debido a que se estar\u00e1 filmando una pel\u00edcula hollywoodense, protagonizada por el famoso actor internacional Nicolas Cage.<\/span><\/p>\n<p class=\"p1\"><span style=\"font-size: 14pt;\">El ayuntamiento de Xalapa, destaca, que el elenco y staff de la pel\u00edcula estar\u00e1n en la ciudad capital alrededor de una semana y comenzaron el s\u00e1bado 7 de Mayo.<\/span><\/p>\n<p>&nbsp;<\/p>\n<p class=\"p1\"><span style=\"font-size: 18pt;\"><b>DERROTA<\/b><\/span><\/p>\n<p class=\"p1\"><span style=\"font-size: 14pt;\">Y Sa\u00fal Canelo Alvarez, acumul\u00f3 su segunda derrota, ahora perdi\u00f3 por decisi\u00f3n con el ruso Dimitry Bivol. Ya a su tiempo vendr\u00e1 la revancha. As\u00ed las cosas.<\/span><\/p>\n<p>&nbsp;<\/p>\n","protected":false},"excerpt":{"rendered":"<p>&nbsp; Por Ra\u00fal L\u00f3pez G\u00f3mez No hay que bajar la guardia, por eso personal de salud del Instituto Mexicano del<\/p>\n","protected":false},"author":4,"featured_media":3560,"comment_status":"closed","ping_status":"closed","sticky":false,"template":"","format":"standard","meta":{"colormag_page_container_layout":"default_layout","colormag_page_sidebar_layout":"default_layout","_jetpack_memberships_contains_paid_content":false,"footnotes":"","jetpack_publicize_message":"","jetpack_publicize_feature_enabled":true,"jetpack_social_post_already_shared":false,"jetpack_social_options":{"image_generator_settings":{"template":"highway","default_image_id":0,"font":"","enabled":false},"version":2}},"categories":[6],"tags":[],"class_list":["post-4110","post","type-post","status-publish","format-standard","has-post-thumbnail","hentry","category-columnistas"],"jetpack_publicize_connections":[],"jetpack_featured_media_url":"https:\/\/noticiasveracruz.com\/wp-content\/uploads\/2022\/04\/NV-RAU\u0301L-LO\u0301PEZ.png","jetpack_sharing_enabled":true,"publishpress_future_action":{"enabled":false,"date":"2026-05-07 10:58:29","action":"change-status","newStatus":"draft","terms":[],"taxonomy":"category","extraData":[]},"publishpress_future_workflow_manual_trigger":{"enabledWorkflows":[]},"_links":{"self":[{"href":"https:\/\/noticiasveracruz.com\/index.php\/wp-json\/wp\/v2\/posts\/4110","targetHints":{"allow":["GET"]}}],"collection":[{"href":"https:\/\/noticiasveracruz.com\/index.php\/wp-json\/wp\/v2\/posts"}],"about":[{"href":"https:\/\/noticiasveracruz.com\/index.php\/wp-json\/wp\/v2\/types\/post"}],"author":[{"embeddable":true,"href":"https:\/\/noticiasveracruz.com\/index.php\/wp-json\/wp\/v2\/users\/4"}],"replies":[{"embeddable":true,"href":"https:\/\/noticiasveracruz.com\/index.php\/wp-json\/wp\/v2\/comments?post=4110"}],"version-history":[{"count":0,"href":"https:\/\/noticiasveracruz.com\/index.php\/wp-json\/wp\/v2\/posts\/4110\/revisions"}],"wp:featuredmedia":[{"embeddable":true,"href":"https:\/\/noticiasveracruz.com\/index.php\/wp-json\/wp\/v2\/media\/3560"}],"wp:attachment":[{"href":"https:\/\/noticiasveracruz.com\/index.php\/wp-json\/wp\/v2\/media?parent=4110"}],"wp:term":[{"taxonomy":"category","embeddable":true,"href":"https:\/\/noticiasveracruz.com\/index.php\/wp-json\/wp\/v2\/categories?post=4110"},{"taxonomy":"post_tag","embeddable":true,"href":"https:\/\/noticiasveracruz.com\/index.php\/wp-json\/wp\/v2\/tags?post=4110"}],"curies":[{"name":"wp","href":"https:\/\/api.w.org\/{rel}","templated":true}]}}