{"id":4108,"date":"2022-05-09T01:25:29","date_gmt":"2022-05-09T06:25:29","guid":{"rendered":"https:\/\/noticiasveracruz.com\/?p=4108"},"modified":"2022-05-09T01:06:18","modified_gmt":"2022-05-09T06:06:18","slug":"carta-secreta-ni-claudia-ni-adan","status":"publish","type":"post","link":"https:\/\/noticiasveracruz.com\/index.php\/2022\/05\/09\/carta-secreta-ni-claudia-ni-adan\/","title":{"rendered":"Carta secreta \u00bfni Claudia, ni Ad\u00e1n?"},"content":{"rendered":"<p>&nbsp;<\/p>\n<p class=\"p1\"><span style=\"font-size: 18pt;\"><b>Por Pepe Valencia<\/b><\/span><\/p>\n<p class=\"p1\"><span style=\"font-size: 14pt;\">Circula en redes una versi\u00f3n al parecer descabellada. Sin embargo, puede suceder lo m\u00e1s inveros\u00edmil. En tiempos de Vicente Fox hubo<span class=\"Apple-converted-space\">\u00a0 <\/span>la intentona de<span class=\"Apple-converted-space\">\u00a0 <\/span>impulsar a su consorte, Martha Sahag\u00fan, para presidenta. No cuaj\u00f3.<\/span><\/p>\n<p class=\"p1\"><span style=\"font-size: 14pt;\">Al iniciar el actual sexenio<span class=\"Apple-converted-space\">\u00a0 <\/span>se desliz\u00f3 la posibilidad de proponer<span class=\"Apple-converted-space\">\u00a0 <\/span>a Beatriz Guti\u00e9rrez M\u00fcller, esposa del presidente Andr\u00e9s Manuel L\u00f3pez Obrador, como su sucesora. <span class=\"Apple-converted-space\">\u00a0 <\/span>Esta especie tampoco ha encontrado eco ni siquiera en filas de Morena.<\/span><\/p>\n<p class=\"p1\"><span style=\"font-size: 14pt;\">Si el plan \u201cA\u201d de AMLO es Claudia Sheinbaum para la presidencia o el verdadero tapado es el secretario de Gobernaci\u00f3n, Ad\u00e1n Augusto L\u00f3pez o, quiz\u00e1, al final las circunstancias lo obliguen a lanzar al canciller Marcelo Ebrard, esta jugada llevar\u00eda l\u00f3gica. <\/span><\/p>\n<p class=\"p1\"><span style=\"font-size: 14pt;\">Mandatarios de otros pa\u00edses han maniobrado para heredar el poder a conyuges, hermanos o amigos muy allegados. Aqu\u00ed mismo, en M\u00e9xico,<span class=\"Apple-converted-space\">\u00a0 <\/span>gobernadores y, sobre todo, alcaldes se han despachado con la cuchara grande para imponer familiares.<\/span><\/p>\n<p class=\"p1\"><span style=\"font-size: 14pt;\">No vayamos lejos, en Veracruz y otros municipios, hay claros ejemplos de esta afirmaci\u00f3n. T\u00e9cnicamente no es nepotismo, aunque lo parezca.<\/span><\/p>\n<p class=\"p1\"><span style=\"font-size: 14pt;\">Pues bien, la posible carta secreta para presidente de M\u00e9xico \u2013de acuerdo al mensaje difundido v\u00eda WhatsApp\u2014 es un abogado de 40 a\u00f1os, egresado de la Universidad de las Am\u00e9ricas: Jos\u00e9 Ram\u00f3n L\u00f3pez Beltr\u00e1n, el primog\u00e9nito de AMLO.<\/span><\/p>\n<p class=\"p1\"><span style=\"font-size: 14pt;\">Acaso por ello la informaci\u00f3n publicada hace meses por Carlos Loret de Mola contra Jos\u00e9 Ram\u00f3n irrit\u00f3 tanto a L\u00f3pez Obrador al hacer tambalear su proyecto transexenal, arrinconarlo contra las cuerdas y situarlo en riesgo de una eventual derrota\u2026 como al Canelo \u00c1lvarez.<\/span><\/p>\n<p class=\"p1\"><span style=\"font-size: 14pt;\">Imaginemos a un L\u00f3pez Obrador, con un alto nivel de popularidad, sugiriendo que, para garantizar la consolidaci\u00f3n de la Cuarta Transformaci\u00f3n, es condici\u00f3n sine qua non que<span class=\"Apple-converted-space\">\u00a0 <\/span>Jos\u00e9 Ram\u00f3n L\u00f3pez Beltr\u00e1n sea presidente, y pida el voto para su hijo\u2026<span class=\"Apple-converted-space\">\u00a0 <\/span>por el bien de los pobres y de la continuidad de los programas sociales.<\/span><\/p>\n<p class=\"p1\"><span style=\"font-size: 14pt;\">\u00bfCu\u00e1ntos millones de adultos mayores, becarios y dem\u00e1s beneficiarios de apoyos econ\u00f3micos directos votar\u00edan por el candidato de AMLO?<\/span><\/p>\n<p class=\"p1\"><span style=\"font-size: 14pt;\">Cuando en su momento trascendi\u00f3 que Miguel \u00c1ngel Yunes pretend\u00eda heredar la gubernatura a su hijo, muchos se rieron. Pues lo hizo candidato y perdi\u00f3. Intent\u00f3 convertirlo en alcalde de Veracruz<span class=\"Apple-converted-space\">\u00a0 <\/span>y no pudo pero impuso a la esposa de Miguelito.<\/span><\/p>\n<p class=\"p1\"><span style=\"font-size: 14pt;\">Otros ejemplos similares: el hijo de Jos\u00e9 Murat es gobernador de Oaxaca. La hija de F\u00e9lix Salgado Macedonio es gobernadora de Guerrero. Y hay m\u00e1s.<\/span><\/p>\n<p class=\"p1\"><span style=\"font-size: 14pt;\">No creo que se atreva AMLO a tanto.<\/span><\/p>\n<p>&nbsp;<\/p>\n<p>&nbsp;<\/p>\n<p>&nbsp;<\/p>\n<p>&nbsp;<\/p>\n<p>&nbsp;<\/p>\n","protected":false},"excerpt":{"rendered":"<p>&nbsp; Por Pepe Valencia Circula en redes una versi\u00f3n al parecer descabellada. Sin embargo, puede suceder lo m\u00e1s inveros\u00edmil. En<\/p>\n","protected":false},"author":4,"featured_media":3786,"comment_status":"closed","ping_status":"closed","sticky":false,"template":"","format":"standard","meta":{"colormag_page_container_layout":"default_layout","colormag_page_sidebar_layout":"default_layout","_jetpack_memberships_contains_paid_content":false,"footnotes":"","jetpack_publicize_message":"","jetpack_publicize_feature_enabled":true,"jetpack_social_post_already_shared":false,"jetpack_social_options":{"image_generator_settings":{"template":"highway","default_image_id":0,"font":"","enabled":false},"version":2}},"categories":[6],"tags":[],"class_list":["post-4108","post","type-post","status-publish","format-standard","has-post-thumbnail","hentry","category-columnistas"],"jetpack_publicize_connections":[],"jetpack_featured_media_url":"https:\/\/noticiasveracruz.com\/wp-content\/uploads\/2022\/05\/PEPE-VALENCIA.png","jetpack_sharing_enabled":true,"publishpress_future_action":{"enabled":false,"date":"2026-05-07 11:40:06","action":"change-status","newStatus":"draft","terms":[],"taxonomy":"category","extraData":[]},"publishpress_future_workflow_manual_trigger":{"enabledWorkflows":[]},"_links":{"self":[{"href":"https:\/\/noticiasveracruz.com\/index.php\/wp-json\/wp\/v2\/posts\/4108","targetHints":{"allow":["GET"]}}],"collection":[{"href":"https:\/\/noticiasveracruz.com\/index.php\/wp-json\/wp\/v2\/posts"}],"about":[{"href":"https:\/\/noticiasveracruz.com\/index.php\/wp-json\/wp\/v2\/types\/post"}],"author":[{"embeddable":true,"href":"https:\/\/noticiasveracruz.com\/index.php\/wp-json\/wp\/v2\/users\/4"}],"replies":[{"embeddable":true,"href":"https:\/\/noticiasveracruz.com\/index.php\/wp-json\/wp\/v2\/comments?post=4108"}],"version-history":[{"count":0,"href":"https:\/\/noticiasveracruz.com\/index.php\/wp-json\/wp\/v2\/posts\/4108\/revisions"}],"wp:featuredmedia":[{"embeddable":true,"href":"https:\/\/noticiasveracruz.com\/index.php\/wp-json\/wp\/v2\/media\/3786"}],"wp:attachment":[{"href":"https:\/\/noticiasveracruz.com\/index.php\/wp-json\/wp\/v2\/media?parent=4108"}],"wp:term":[{"taxonomy":"category","embeddable":true,"href":"https:\/\/noticiasveracruz.com\/index.php\/wp-json\/wp\/v2\/categories?post=4108"},{"taxonomy":"post_tag","embeddable":true,"href":"https:\/\/noticiasveracruz.com\/index.php\/wp-json\/wp\/v2\/tags?post=4108"}],"curies":[{"name":"wp","href":"https:\/\/api.w.org\/{rel}","templated":true}]}}