{"id":4103,"date":"2022-05-09T01:15:15","date_gmt":"2022-05-09T06:15:15","guid":{"rendered":"https:\/\/noticiasveracruz.com\/?p=4103"},"modified":"2022-05-09T00:58:49","modified_gmt":"2022-05-09T05:58:49","slug":"elecciones-en-eu-con-mexico-como-pinata","status":"publish","type":"post","link":"https:\/\/noticiasveracruz.com\/index.php\/2022\/05\/09\/elecciones-en-eu-con-mexico-como-pinata\/","title":{"rendered":"Elecciones en EU con M\u00e9xico como pi\u00f1ata"},"content":{"rendered":"<p>&nbsp;<\/p>\n<p class=\"p1\"><span style=\"font-size: 18pt;\"><b>Por Jos\u00e9 Ure\u00f1a<\/b><\/span><\/p>\n<p class=\"p1\"><span style=\"font-size: 14pt;\">-Es un strike cantado -dir\u00e1 ya saben qui\u00e9n.<\/span><\/p>\n<p class=\"p1\"><span style=\"font-size: 14pt;\">Manager de su pa\u00eds, debiera estar en la construcci\u00f3n de acuerdos a fin de encaminar la relaci\u00f3n, lejos de apedrear el panal para atraer a las avispas.<\/span><\/p>\n<p class=\"p1\"><span style=\"font-size: 14pt;\">Pero ese es asunto de Gobierno a Gobierno y, a la vera del trato amable de Joe Biden y Ken Salazar, vienen meses dif\u00edciles. Por principio est\u00e1 Donald Trump.<\/span><\/p>\n<p class=\"p1\"><span style=\"font-size: 14pt;\">El expresidente y casi seguro candidato en 2024 ya mand\u00f3 el primero de sus mensajes al mostrar la facilidad con la cual dobl\u00f3 a M\u00e9xico v\u00eda el canciller Marcelo Ebrard.<\/span><\/p>\n<p class=\"p1\"><span style=\"font-size: 14pt;\">El magnate est\u00e1 en lo suyo y de eso aqu\u00ed tenemos nuestra vivencia cotidiana, en la agitaci\u00f3n de las campa\u00f1as de los candidatos de su partido.<\/span><\/p>\n<p class=\"p1\"><span style=\"font-size: 14pt;\">Se juega su futuro y no oculta el prop\u00f3sito inminente: recuperar en noviembre el control del Senado y de la C\u00e1mara de Representantes para encaminar su segundo mandato.<\/span><\/p>\n<p class=\"p1\"><span style=\"font-size: 14pt;\">Ser\u00e1 un gran avance para debilitar m\u00e1s al Partido Dem\u00f3crata y, dos a\u00f1os despu\u00e9s, quitarle la Casa Blanca perdida en 2020.<\/span><\/p>\n<p>&nbsp;<\/p>\n<p class=\"p1\"><span style=\"font-size: 18pt;\"><b>DONALD TRUMP Y GREG ABBOTT<\/b><\/span><\/p>\n<p class=\"p1\"><span style=\"font-size: 14pt;\">Donald Trump, por desgracia, no predica solo. Es el l\u00edder de los republicanos y gran parte de los aspirantes a competir en las elecciones de noviembre lo ven como el n\u00facleo de su lucha.<\/span><\/p>\n<p class=\"p1\"><span style=\"font-size: 14pt;\">Varios de ellos, precandidatos en las Carolinas, Florida, Arizona, Texas m\u00e1s, ya mostraron algunas armas y la migraci\u00f3n ser\u00e1 tema central.<\/span><\/p>\n<p class=\"p1\"><span style=\"font-size: 14pt;\">Para desgracia de M\u00e9xico, como vimos hace seis a\u00f1os.<\/span><\/p>\n<p class=\"p1\"><span style=\"font-size: 14pt;\">En adici\u00f3n, el gobernador Greg Abbott va por la segura y c\u00f3moda reelecci\u00f3n texana como paso intermedio para aspirar luego a la Casa Blanca.<\/span><\/p>\n<p class=\"p1\"><span style=\"font-size: 14pt;\">Ya llegar\u00e1 el momento de confrontarse con Trump en pos de la bandera republicana, pero mientras ya trae conflicto con M\u00e9xico y el Presidente ha recogido el guante:<\/span><\/p>\n<p class=\"p1\"><span style=\"font-size: 14pt;\">-Yo le dir\u00eda que le baje una rayita\u2026<\/span><\/p>\n<p class=\"p1\"><span style=\"font-size: 14pt;\">A la vez, descalific\u00f3 los acuerdos firmados por Abbott con Francisco Garc\u00eda Cabeza de Vaca, Samuel Garc\u00eda, Miguel Riquelme y Maru Campos, casualmente todos opositores.<\/span><\/p>\n<p class=\"p1\"><span style=\"font-size: 14pt;\">De seguro Abbott se r\u00ede del exhorto presidencial y acentuar\u00e1 sus ataques y sus medidas xen\u00f3fobas en perjuicio del pa\u00eds, pero m\u00e1s de sus vecinos Tamaulipas, Nuevo Le\u00f3n, Coahuila y Chihuahua.<\/span><\/p>\n<p>&nbsp;<\/p>\n<p class=\"p1\"><span style=\"font-size: 18pt;\"><b>DETALLE DE BIDEN A MOCTEZUMA<\/b><\/span><\/p>\n<p class=\"p1\"><span style=\"font-size: 14pt;\">Hay, empero, buenos signos. Joe Biden impulsa la eliminaci\u00f3n del llamado T\u00edtulo 42, impuesto por Donald Trump para expulsar -a M\u00e9xico, \u00bfa d\u00f3nde m\u00e1s?- a migrantes por razones sanitarias.<\/span><\/p>\n<p class=\"p1\"><span style=\"font-size: 14pt;\">Ser\u00eda un respiro si pasa por el Congreso y ah\u00ed deben influir los buenos oficios y relaciones del embajador mexicano Esteban Moctezuma.<\/span><\/p>\n<p class=\"p1\"><span style=\"font-size: 14pt;\">El diplom\u00e1tico se ha entrevistado con Juan Gonz\u00e1lez, director senior para el Hemisferio Occidental, como parte de los preparativos para la Cumbre de las Am\u00e9ricas.<\/span><\/p>\n<p class=\"p1\"><span style=\"font-size: 14pt;\">Acudi\u00f3 con el canciller Marcelo Ebrard ante varios altos funcionarios y hubo detalles en los cuales est\u00e1 involucrado el presidente Biden.<\/span><\/p>\n<p class=\"p1\"><span style=\"font-size: 14pt;\">Moctezuma se hizo las pruebas PCR de rigor tras estar con el secretario de Estado, Mike Pompeo, y las repiti\u00f3 por cuenta propia.<\/span><\/p>\n<p class=\"p1\"><span style=\"font-size: 14pt;\">Sali\u00f3 positivo y luego inform\u00f3 al Gobierno estadounidense de su contagio.<\/span><\/p>\n<p class=\"p1\"><span style=\"font-size: 14pt;\">En respuesta, Biden comision\u00f3 a un colaborador cercano para agradecerle el reporte y estar al pendiente de su mejor\u00eda.<\/span><\/p>\n<p class=\"p1\"><span style=\"font-size: 14pt;\">\u00c9sta avanza, aunque la voz de Moctezuma segu\u00eda d\u00e9bil a\u00fan el fin de semana.<\/span><\/p>\n<p>&nbsp;<\/p>\n<p>&nbsp;<\/p>\n<p>&nbsp;<\/p>\n","protected":false},"excerpt":{"rendered":"<p>&nbsp; Por Jos\u00e9 Ure\u00f1a -Es un strike cantado -dir\u00e1 ya saben qui\u00e9n. Manager de su pa\u00eds, debiera estar en la<\/p>\n","protected":false},"author":4,"featured_media":3258,"comment_status":"closed","ping_status":"closed","sticky":false,"template":"","format":"standard","meta":{"colormag_page_container_layout":"default_layout","colormag_page_sidebar_layout":"default_layout","_jetpack_memberships_contains_paid_content":false,"footnotes":"","jetpack_publicize_message":"","jetpack_publicize_feature_enabled":true,"jetpack_social_post_already_shared":false,"jetpack_social_options":{"image_generator_settings":{"template":"highway","default_image_id":0,"font":"","enabled":false},"version":2}},"categories":[6],"tags":[],"class_list":["post-4103","post","type-post","status-publish","format-standard","has-post-thumbnail","hentry","category-columnistas"],"jetpack_publicize_connections":[],"jetpack_featured_media_url":"https:\/\/noticiasveracruz.com\/wp-content\/uploads\/2022\/04\/JOSE\u0301-UREN\u0303A.png","jetpack_sharing_enabled":true,"publishpress_future_action":{"enabled":false,"date":"2026-05-07 21:53:55","action":"change-status","newStatus":"draft","terms":[],"taxonomy":"category","extraData":[]},"publishpress_future_workflow_manual_trigger":{"enabledWorkflows":[]},"_links":{"self":[{"href":"https:\/\/noticiasveracruz.com\/index.php\/wp-json\/wp\/v2\/posts\/4103","targetHints":{"allow":["GET"]}}],"collection":[{"href":"https:\/\/noticiasveracruz.com\/index.php\/wp-json\/wp\/v2\/posts"}],"about":[{"href":"https:\/\/noticiasveracruz.com\/index.php\/wp-json\/wp\/v2\/types\/post"}],"author":[{"embeddable":true,"href":"https:\/\/noticiasveracruz.com\/index.php\/wp-json\/wp\/v2\/users\/4"}],"replies":[{"embeddable":true,"href":"https:\/\/noticiasveracruz.com\/index.php\/wp-json\/wp\/v2\/comments?post=4103"}],"version-history":[{"count":0,"href":"https:\/\/noticiasveracruz.com\/index.php\/wp-json\/wp\/v2\/posts\/4103\/revisions"}],"wp:featuredmedia":[{"embeddable":true,"href":"https:\/\/noticiasveracruz.com\/index.php\/wp-json\/wp\/v2\/media\/3258"}],"wp:attachment":[{"href":"https:\/\/noticiasveracruz.com\/index.php\/wp-json\/wp\/v2\/media?parent=4103"}],"wp:term":[{"taxonomy":"category","embeddable":true,"href":"https:\/\/noticiasveracruz.com\/index.php\/wp-json\/wp\/v2\/categories?post=4103"},{"taxonomy":"post_tag","embeddable":true,"href":"https:\/\/noticiasveracruz.com\/index.php\/wp-json\/wp\/v2\/tags?post=4103"}],"curies":[{"name":"wp","href":"https:\/\/api.w.org\/{rel}","templated":true}]}}