{"id":41004,"date":"2024-09-28T19:02:16","date_gmt":"2024-09-29T00:02:16","guid":{"rendered":"https:\/\/noticiasveracruz.com\/?p=41004"},"modified":"2024-09-28T19:02:16","modified_gmt":"2024-09-29T00:02:16","slug":"saneamiento-de-las-matas-compromiso-cumplido-de-amlo","status":"publish","type":"post","link":"https:\/\/noticiasveracruz.com\/index.php\/2024\/09\/28\/saneamiento-de-las-matas-compromiso-cumplido-de-amlo\/","title":{"rendered":"Saneamiento de \u201cLas Matas\u201d, compromiso cumplido de AMLO"},"content":{"rendered":"<p><span style=\"font-size: 14pt;\">A unos d\u00edas de concluir su mandato, el presidente Andr\u00e9s Manuel L\u00f3pez Obrador cumpli\u00f3 su palabra de sanear y remediar el basurero a cielo abierto de \u201cLas Matas\u201d, considerado durante muchos a\u00f1os como el foco de contaminaci\u00f3n m\u00e1s peligroso de Am\u00e9rica Latina, el cual ahora se transform\u00f3 en un espacio verde donde funcionar\u00e1 el Centro de Educaci\u00f3n Ambiental \u201cUtop\u00edas Floreciendo\u201d, expres\u00f3 el diputado Juan Javier G\u00f3mez Cazar\u00edn, presidente de la Junta de Coordinaci\u00f3n Pol\u00edtica (JUCOPO), del Congreso de Veracruz.<\/span><\/p>\n<p><span style=\"font-size: 14pt;\">Record\u00f3 que ah\u00ed se depositaban m\u00e1s de 530 toneladas diarias de basura sin ning\u00fan tratamiento previo, donde los lixiviados generados contaminaban el mar y los humedales, en tanto que su operaci\u00f3n representaba un serio peligro para la regi\u00f3n al ubicarse en el subsuelo ductos de PEMEX y, encima de \u00e9ste, cables de alta tensi\u00f3n de la CFE, aunado a las afectaciones al medio ambiente y a la salud de miles de familias de Coatzacoalcos y aleda\u00f1as.<\/span><\/p>\n","protected":false},"excerpt":{"rendered":"<p>A unos d\u00edas de concluir su mandato, el presidente Andr\u00e9s Manuel L\u00f3pez Obrador cumpli\u00f3 su palabra de sanear y remediar<\/p>\n","protected":false},"author":4,"featured_media":41005,"comment_status":"closed","ping_status":"closed","sticky":false,"template":"","format":"standard","meta":{"colormag_page_container_layout":"default_layout","colormag_page_sidebar_layout":"default_layout","_jetpack_memberships_contains_paid_content":false,"footnotes":"","jetpack_publicize_message":"","jetpack_publicize_feature_enabled":true,"jetpack_social_post_already_shared":true,"jetpack_social_options":{"image_generator_settings":{"template":"highway","default_image_id":0,"font":"","enabled":false},"version":2}},"categories":[356],"tags":[],"class_list":["post-41004","post","type-post","status-publish","format-standard","has-post-thumbnail","hentry","category-veracruz"],"jetpack_publicize_connections":[],"jetpack_featured_media_url":"https:\/\/noticiasveracruz.com\/wp-content\/uploads\/2024\/09\/8b1.jpg","jetpack_sharing_enabled":true,"publishpress_future_action":{"enabled":false,"date":"2026-05-05 18:49:02","action":"change-status","newStatus":"draft","terms":[],"taxonomy":"category","extraData":[]},"publishpress_future_workflow_manual_trigger":{"enabledWorkflows":[]},"_links":{"self":[{"href":"https:\/\/noticiasveracruz.com\/index.php\/wp-json\/wp\/v2\/posts\/41004","targetHints":{"allow":["GET"]}}],"collection":[{"href":"https:\/\/noticiasveracruz.com\/index.php\/wp-json\/wp\/v2\/posts"}],"about":[{"href":"https:\/\/noticiasveracruz.com\/index.php\/wp-json\/wp\/v2\/types\/post"}],"author":[{"embeddable":true,"href":"https:\/\/noticiasveracruz.com\/index.php\/wp-json\/wp\/v2\/users\/4"}],"replies":[{"embeddable":true,"href":"https:\/\/noticiasveracruz.com\/index.php\/wp-json\/wp\/v2\/comments?post=41004"}],"version-history":[{"count":0,"href":"https:\/\/noticiasveracruz.com\/index.php\/wp-json\/wp\/v2\/posts\/41004\/revisions"}],"wp:featuredmedia":[{"embeddable":true,"href":"https:\/\/noticiasveracruz.com\/index.php\/wp-json\/wp\/v2\/media\/41005"}],"wp:attachment":[{"href":"https:\/\/noticiasveracruz.com\/index.php\/wp-json\/wp\/v2\/media?parent=41004"}],"wp:term":[{"taxonomy":"category","embeddable":true,"href":"https:\/\/noticiasveracruz.com\/index.php\/wp-json\/wp\/v2\/categories?post=41004"},{"taxonomy":"post_tag","embeddable":true,"href":"https:\/\/noticiasveracruz.com\/index.php\/wp-json\/wp\/v2\/tags?post=41004"}],"curies":[{"name":"wp","href":"https:\/\/api.w.org\/{rel}","templated":true}]}}