{"id":40998,"date":"2024-09-29T00:01:26","date_gmt":"2024-09-29T05:01:26","guid":{"rendered":"https:\/\/noticiasveracruz.com\/?p=40998"},"modified":"2024-09-28T19:00:26","modified_gmt":"2024-09-29T00:00:26","slug":"orden-y-limpieza-continuara-nahle","status":"publish","type":"post","link":"https:\/\/noticiasveracruz.com\/index.php\/2024\/09\/29\/orden-y-limpieza-continuara-nahle\/","title":{"rendered":"\u201cOrden y limpieza\u201d continuar\u00e1: Nahle"},"content":{"rendered":"<p><span style=\"font-size: 14pt;\">Con el programa estatal \u201cOrden y Limpieza\u201d que se habilitar\u00e1 en los 212 municipios veracruzanos con apoyo de mi gobierno y la participaci\u00f3n ciudadana, daremos continuidad al saneamiento ambiental de zonas protegidas como Las Matas, cuyo rescate marca un hito en la historia de la ingenier\u00eda ambiental, afirm\u00f3 la gobernadora electa de Veracruz, Roc\u00edo Nahle Garc\u00eda.<\/span><\/p>\n<p><span style=\"font-size: 14pt;\">Asegur\u00f3 que el saneamiento del antiguo tiradero a cielo abierto de esta comunidad que por m\u00e1s de 25 a\u00f1os contamin\u00f3 y que hoy, con el esfuerzo de los tres niveles de gobierno pudo concretarse, es un ejemplo de lo que puede lograrse con voluntad pol\u00edtica y la participaci\u00f3n\u00a0 de todos.<\/span><\/p>\n<p><span style=\"font-size: 14pt;\">\u201cEs importante que iniciemos desde nuestra casa con la separaci\u00f3n de la basura, desde nuestra casa a generar menos basura, con las campa\u00f1as que vamos a iniciar de orden y limpieza en los 212 municipios, incluye eso, desde nuestro hogar, desde nuestro negocio, cuidar la basura, separarla, y hacerle el trabajo m\u00e1s sencillo a los Ayuntamientos, a quienes manejan los residuos\u201d, puntualiz\u00f3.<\/span><\/p>\n<p><span style=\"font-size: 14pt;\">Por instrucci\u00f3n del presidente Andr\u00e9s Manuel L\u00f3pez Obrador, Mar\u00eda Luisa Albores Gonz\u00e1lez, Secretaria de Medio Ambiente y Recursos Naturales, dedic\u00f3 la segunda parte del sexenio a cerrar y transformar estas 26 hect\u00e1reas as\u00ed como a crear lo que ser\u00e1 el pr\u00f3ximo Centro de Educaci\u00f3n Ambiental \u201cUtop\u00edas Floreciendo\u201d, tambi\u00e9n presentado este d\u00eda.<\/span><\/p>\n","protected":false},"excerpt":{"rendered":"<p>Con el programa estatal \u201cOrden y Limpieza\u201d que se habilitar\u00e1 en los 212 municipios veracruzanos con apoyo de mi gobierno<\/p>\n","protected":false},"author":4,"featured_media":40999,"comment_status":"closed","ping_status":"closed","sticky":false,"template":"","format":"standard","meta":{"colormag_page_container_layout":"default_layout","colormag_page_sidebar_layout":"default_layout","_jetpack_memberships_contains_paid_content":false,"footnotes":"","jetpack_publicize_message":"","jetpack_publicize_feature_enabled":true,"jetpack_social_post_already_shared":true,"jetpack_social_options":{"image_generator_settings":{"template":"highway","default_image_id":0,"font":"","enabled":false},"version":2}},"categories":[356],"tags":[],"class_list":["post-40998","post","type-post","status-publish","format-standard","has-post-thumbnail","hentry","category-veracruz"],"jetpack_publicize_connections":[],"jetpack_featured_media_url":"https:\/\/noticiasveracruz.com\/wp-content\/uploads\/2024\/09\/7a1.jpg","jetpack_sharing_enabled":true,"publishpress_future_action":{"enabled":false,"date":"2026-05-05 19:20:46","action":"change-status","newStatus":"draft","terms":[],"taxonomy":"category","extraData":[]},"publishpress_future_workflow_manual_trigger":{"enabledWorkflows":[]},"_links":{"self":[{"href":"https:\/\/noticiasveracruz.com\/index.php\/wp-json\/wp\/v2\/posts\/40998","targetHints":{"allow":["GET"]}}],"collection":[{"href":"https:\/\/noticiasveracruz.com\/index.php\/wp-json\/wp\/v2\/posts"}],"about":[{"href":"https:\/\/noticiasveracruz.com\/index.php\/wp-json\/wp\/v2\/types\/post"}],"author":[{"embeddable":true,"href":"https:\/\/noticiasveracruz.com\/index.php\/wp-json\/wp\/v2\/users\/4"}],"replies":[{"embeddable":true,"href":"https:\/\/noticiasveracruz.com\/index.php\/wp-json\/wp\/v2\/comments?post=40998"}],"version-history":[{"count":0,"href":"https:\/\/noticiasveracruz.com\/index.php\/wp-json\/wp\/v2\/posts\/40998\/revisions"}],"wp:featuredmedia":[{"embeddable":true,"href":"https:\/\/noticiasveracruz.com\/index.php\/wp-json\/wp\/v2\/media\/40999"}],"wp:attachment":[{"href":"https:\/\/noticiasveracruz.com\/index.php\/wp-json\/wp\/v2\/media?parent=40998"}],"wp:term":[{"taxonomy":"category","embeddable":true,"href":"https:\/\/noticiasveracruz.com\/index.php\/wp-json\/wp\/v2\/categories?post=40998"},{"taxonomy":"post_tag","embeddable":true,"href":"https:\/\/noticiasveracruz.com\/index.php\/wp-json\/wp\/v2\/tags?post=40998"}],"curies":[{"name":"wp","href":"https:\/\/api.w.org\/{rel}","templated":true}]}}