{"id":40989,"date":"2024-09-28T00:41:38","date_gmt":"2024-09-28T05:41:38","guid":{"rendered":"https:\/\/noticiasveracruz.com\/?p=40989"},"modified":"2024-09-28T00:42:52","modified_gmt":"2024-09-28T05:42:52","slug":"el-presidente-andres-manuel-lopez-obrador-dejara-el-poder-el-30-de-septiembre-junto-con-un-declive-en-los-indices-internacionales-que-miden-la-salud-de-la-democ","status":"publish","type":"post","link":"https:\/\/noticiasveracruz.com\/index.php\/2024\/09\/28\/el-presidente-andres-manuel-lopez-obrador-dejara-el-poder-el-30-de-septiembre-junto-con-un-declive-en-los-indices-internacionales-que-miden-la-salud-de-la-democ\/","title":{"rendered":"Hurac\u00e1n John deja bajo el agua a la Arena GNP, peligra el Abierto Mexicano de Tenis"},"content":{"rendered":"<p><span style=\"font-size: 14pt;\">Hace un par de semanas la organizaci\u00f3n del\u00a0Abierto Mexicano de Tenis de Acapulco\u00a0dio conocer las\u00a0novedades para la edici\u00f3n del torneo 2025, en la que se esperaba el \u00e1rea de comida y la zona comercial completamente renovada, sin embargo, con el paso del\u00a0hurac\u00e1n John\u00a0por el puerto,\u00a0parece\u00a0el juego tendr\u00e1 que esperar ante el desastre.<\/span><\/p>\n<p><span style=\"font-size: 14pt;\">John\u00a0toc\u00f3 tierra en la costa de Guerrero como\u00a0hurac\u00e1n categor\u00eda 3\u00a0el pasado mi\u00e9rcoles y a medida que el tiempo transcurr\u00eda\u00a0se degrad\u00f3 a tormenta tropical,\u00a0pese a la diminuci\u00f3n de su intensidad\u00a0dej\u00f3 bajo el agua a la zona costera, y con la misma sensaci\u00f3n de hace menos de un a\u00f1o, cuando Otis pr\u00e1cticamente convirti\u00f3 la\u00a0ciudad en ruinas.<\/span><\/p>\n","protected":false},"excerpt":{"rendered":"<p>Hace un par de semanas la organizaci\u00f3n del\u00a0Abierto Mexicano de Tenis de Acapulco\u00a0dio conocer las\u00a0novedades para la edici\u00f3n del torneo<\/p>\n","protected":false},"author":4,"featured_media":40990,"comment_status":"closed","ping_status":"closed","sticky":false,"template":"","format":"standard","meta":{"colormag_page_container_layout":"default_layout","colormag_page_sidebar_layout":"default_layout","_jetpack_memberships_contains_paid_content":false,"footnotes":"","jetpack_publicize_message":"","jetpack_publicize_feature_enabled":true,"jetpack_social_post_already_shared":true,"jetpack_social_options":{"image_generator_settings":{"template":"highway","default_image_id":0,"font":"","enabled":false},"version":2}},"categories":[4],"tags":[],"class_list":["post-40989","post","type-post","status-publish","format-standard","has-post-thumbnail","hentry","category-nacional"],"jetpack_publicize_connections":[],"jetpack_featured_media_url":"https:\/\/noticiasveracruz.com\/wp-content\/uploads\/2024\/09\/arena-gnp.png","jetpack_sharing_enabled":true,"publishpress_future_action":{"enabled":false,"date":"2026-05-05 18:27:13","action":"change-status","newStatus":"draft","terms":[],"taxonomy":"category","extraData":[]},"publishpress_future_workflow_manual_trigger":{"enabledWorkflows":[]},"_links":{"self":[{"href":"https:\/\/noticiasveracruz.com\/index.php\/wp-json\/wp\/v2\/posts\/40989","targetHints":{"allow":["GET"]}}],"collection":[{"href":"https:\/\/noticiasveracruz.com\/index.php\/wp-json\/wp\/v2\/posts"}],"about":[{"href":"https:\/\/noticiasveracruz.com\/index.php\/wp-json\/wp\/v2\/types\/post"}],"author":[{"embeddable":true,"href":"https:\/\/noticiasveracruz.com\/index.php\/wp-json\/wp\/v2\/users\/4"}],"replies":[{"embeddable":true,"href":"https:\/\/noticiasveracruz.com\/index.php\/wp-json\/wp\/v2\/comments?post=40989"}],"version-history":[{"count":0,"href":"https:\/\/noticiasveracruz.com\/index.php\/wp-json\/wp\/v2\/posts\/40989\/revisions"}],"wp:featuredmedia":[{"embeddable":true,"href":"https:\/\/noticiasveracruz.com\/index.php\/wp-json\/wp\/v2\/media\/40990"}],"wp:attachment":[{"href":"https:\/\/noticiasveracruz.com\/index.php\/wp-json\/wp\/v2\/media?parent=40989"}],"wp:term":[{"taxonomy":"category","embeddable":true,"href":"https:\/\/noticiasveracruz.com\/index.php\/wp-json\/wp\/v2\/categories?post=40989"},{"taxonomy":"post_tag","embeddable":true,"href":"https:\/\/noticiasveracruz.com\/index.php\/wp-json\/wp\/v2\/tags?post=40989"}],"curies":[{"name":"wp","href":"https:\/\/api.w.org\/{rel}","templated":true}]}}