{"id":40983,"date":"2024-09-28T00:38:45","date_gmt":"2024-09-28T05:38:45","guid":{"rendered":"https:\/\/noticiasveracruz.com\/?p=40983"},"modified":"2024-09-28T00:38:45","modified_gmt":"2024-09-28T05:38:45","slug":"de-me-canso-ganso-a-fuchi-guacala-las-frases-de-amlo-en-su-sexenio","status":"publish","type":"post","link":"https:\/\/noticiasveracruz.com\/index.php\/2024\/09\/28\/de-me-canso-ganso-a-fuchi-guacala-las-frases-de-amlo-en-su-sexenio\/","title":{"rendered":"De \u00abMe canso ganso\u00bb a \u00abFuchi, gu\u00e1cala\u00bb: las frases de AMLO en su sexenio"},"content":{"rendered":"<div>\n<div id=\"content-body-225-12623860\">\n<p><span style=\"font-size: 14pt;\">Desde su primer d\u00eda como presidente,\u00a0Andr\u00e9s Manuel L\u00f3pez Obrador\u00a0se ha caracterizado por decir en sus\u00a0discursos\u00a0o en sus\u00a0conferencias ma\u00f1aneras\u00a0frases que\u00a0resultan pol\u00e9micas o jocosas.<\/span><\/p>\n<\/div>\n<\/div>\n<div>\n<div id=\"dfp-nota-1x3s\" data-google-query-id=\"CLzu9tn15IgDFX20pgQdoBsLMQ\">\n<div id=\"google_ads_iframe_\/2000002\/la-prensa\/mexico_nota_1x3_0__container__\"><span style=\"font-size: 14pt;\">A continuaci\u00f3n te enlistamos algunas:<\/span><\/div>\n<\/div>\n<\/div>\n<article>\n<div id=\"content-body-5851641-12623860\">\n<p><span style=\"font-size: 14pt;\">Los voy a acusar con sus mam\u00e1s, con sus pap\u00e1s, con sus abuelos<\/span><\/p>\n<p><span style=\"font-size: 14pt;\">Puede ser que nos proh\u00edban que haya ma\u00f1anera, pero a lo mejor la vamos a hacer al mediod\u00eda<\/span><\/p>\n<section>\n<div>\n<div>\n<div><span style=\"font-size: 14pt;\">Me canso, ganso<\/span><\/div>\n<\/div>\n<\/div>\n<\/section>\n<section>\n<div>\n<div>\n<div><span style=\"font-size: 14pt;\">Tengan para que aprendan a respetar al pueblo<\/span><\/div>\n<\/div>\n<\/div>\n<\/section>\n<section>\n<div>\n<div>\n<div><span style=\"font-size: 14pt;\">El corrupto est\u00e1 quedando mal visto, estigmatizado&#8230; \u00a1Fuchi, caca!<\/span><\/div>\n<\/div>\n<\/div>\n<\/section>\n<section>\n<div>\n<div>\n<div><span style=\"font-size: 14pt;\">Ah\u00ed est\u00e1n las masacres<\/span><\/div>\n<\/div>\n<\/div>\n<\/section>\n<section>\n<div>\n<div>\n<div><span style=\"font-size: 14pt;\">Nos vino esto (Covid-19) como anillo al dedo<\/span><\/div>\n<\/div>\n<\/div>\n<\/section>\n<section>\n<div>\n<div>\n<div><span style=\"font-size: 14pt;\">Detente, enemigo, que el coraz\u00f3n de Jes\u00fas est\u00e1 conmigo<\/span><\/div>\n<\/div>\n<\/div>\n<\/section>\n<section>\n<div>\n<div>\n<div><span style=\"font-size: 14pt;\">Y que no me vengan a m\u00ed con ese cuento de que la ley es ley<\/span><\/div>\n<\/div>\n<\/div>\n<\/section>\n<section>\n<div>\n<div>\n<div><span style=\"font-size: 14pt;\">Esta noche, en Hechos, llegan los ovnis a Nueva York y quieren volver comunista a los mexicanos con los libros de texto. No se lo pierda<\/span><\/div>\n<\/div>\n<\/div>\n<\/section>\n<section>\n<div>\n<div>\n<div><span style=\"font-size: 14pt;\">Est\u00e1n moralmente derrotados<\/span><\/div>\n<\/div>\n<\/div>\n<\/section>\n<section>\n<div>\n<div>\n<div><span style=\"font-size: 14pt;\">Est\u00e1n defendiendo sus intereses<\/span><\/div>\n<\/div>\n<\/div>\n<\/section>\n<\/div>\n<\/article>\n","protected":false},"excerpt":{"rendered":"<p>Desde su primer d\u00eda como presidente,\u00a0Andr\u00e9s Manuel L\u00f3pez Obrador\u00a0se ha caracterizado por decir en sus\u00a0discursos\u00a0o en sus\u00a0conferencias ma\u00f1aneras\u00a0frases que\u00a0resultan pol\u00e9micas<\/p>\n","protected":false},"author":4,"featured_media":40984,"comment_status":"closed","ping_status":"closed","sticky":false,"template":"","format":"standard","meta":{"colormag_page_container_layout":"default_layout","colormag_page_sidebar_layout":"default_layout","_jetpack_memberships_contains_paid_content":false,"footnotes":"","jetpack_publicize_message":"","jetpack_publicize_feature_enabled":true,"jetpack_social_post_already_shared":true,"jetpack_social_options":{"image_generator_settings":{"template":"highway","default_image_id":0,"font":"","enabled":false},"version":2}},"categories":[4],"tags":[],"class_list":["post-40983","post","type-post","status-publish","format-standard","has-post-thumbnail","hentry","category-nacional"],"jetpack_publicize_connections":[],"jetpack_featured_media_url":"https:\/\/noticiasveracruz.com\/wp-content\/uploads\/2024\/09\/Presidente-AMLO_Lopez-Obrador.jpg","jetpack_sharing_enabled":true,"publishpress_future_action":{"enabled":false,"date":"2026-05-05 16:56:35","action":"change-status","newStatus":"draft","terms":[],"taxonomy":"category","extraData":[]},"publishpress_future_workflow_manual_trigger":{"enabledWorkflows":[]},"_links":{"self":[{"href":"https:\/\/noticiasveracruz.com\/index.php\/wp-json\/wp\/v2\/posts\/40983","targetHints":{"allow":["GET"]}}],"collection":[{"href":"https:\/\/noticiasveracruz.com\/index.php\/wp-json\/wp\/v2\/posts"}],"about":[{"href":"https:\/\/noticiasveracruz.com\/index.php\/wp-json\/wp\/v2\/types\/post"}],"author":[{"embeddable":true,"href":"https:\/\/noticiasveracruz.com\/index.php\/wp-json\/wp\/v2\/users\/4"}],"replies":[{"embeddable":true,"href":"https:\/\/noticiasveracruz.com\/index.php\/wp-json\/wp\/v2\/comments?post=40983"}],"version-history":[{"count":0,"href":"https:\/\/noticiasveracruz.com\/index.php\/wp-json\/wp\/v2\/posts\/40983\/revisions"}],"wp:featuredmedia":[{"embeddable":true,"href":"https:\/\/noticiasveracruz.com\/index.php\/wp-json\/wp\/v2\/media\/40984"}],"wp:attachment":[{"href":"https:\/\/noticiasveracruz.com\/index.php\/wp-json\/wp\/v2\/media?parent=40983"}],"wp:term":[{"taxonomy":"category","embeddable":true,"href":"https:\/\/noticiasveracruz.com\/index.php\/wp-json\/wp\/v2\/categories?post=40983"},{"taxonomy":"post_tag","embeddable":true,"href":"https:\/\/noticiasveracruz.com\/index.php\/wp-json\/wp\/v2\/tags?post=40983"}],"curies":[{"name":"wp","href":"https:\/\/api.w.org\/{rel}","templated":true}]}}