{"id":40980,"date":"2024-09-28T00:36:17","date_gmt":"2024-09-28T05:36:17","guid":{"rendered":"https:\/\/noticiasveracruz.com\/?p=40980"},"modified":"2024-09-28T00:36:17","modified_gmt":"2024-09-28T05:36:17","slug":"presentan-nuevos-directores-de-pemex","status":"publish","type":"post","link":"https:\/\/noticiasveracruz.com\/index.php\/2024\/09\/28\/presentan-nuevos-directores-de-pemex\/","title":{"rendered":"Presentan nuevos directores de Pemex"},"content":{"rendered":"<div class=\"content-body clearfix \">\n<div id=\"content-body-225-12624714\">\n<p><span style=\"font-size: 14pt;\">El aun director de Petr\u00f3leos mexicanos Octavio Romero Oropeza, present\u00f3 al nuevo equipo que estar\u00e1 al frente de la petrolera en la siguiente administraci\u00f3n a partir del 2 de octubre.<\/span><\/p>\n<p><span style=\"font-size: 14pt;\">Cargo y Nombre<\/span><\/p>\n<\/div>\n<\/div>\n<div class=\"advertisment \">\n<div id=\"dfp-nota-1x3s\" data-google-query-id=\"CMvk6aP15IgDFSPeGAIdxgk49A\">\n<div id=\"google_ads_iframe_\/2000002\/la-prensa\/mexico_nota_1x3_0__container__\">\n<div id=\"inArticle_1\" class=\"st-placement inArticle_1 inArticle\">\n<div class=\"st-adunit st-adunit-tagged st-reset st-show\">\n<div class=\"st-adunit-ad st-reset\">\n<div class=\"st-display-render st-reset open 728x250\">\n<div class=\"st-canvas st-reset horizontal-static\"><span style=\"font-size: 14pt;\">Direcci\u00f3n General de Pemex Exploraci\u00f3n y Producci\u00f3n &#8211; N\u00e9stor Martinez Romero<\/span><\/div>\n<\/div>\n<\/div>\n<\/div>\n<\/div>\n<\/div>\n<\/div>\n<\/div>\n<article class=\"content-continued-body clearfix \">\n<div id=\"content-body-5851641-12624714\">\n<p><span style=\"font-size: 14pt;\">Subdirecci\u00f3n de Exploraci\u00f3n\u00a0&#8211; Julio P\u00e9rez Aldana<\/span><\/p>\n<p><span style=\"font-size: 14pt;\">Subdirecci\u00f3n de Perforaci\u00f3n y Mantenimiento de Pozos &#8211; Federico Chow S\u00e1nchez<\/span><\/p>\n<p><span style=\"font-size: 14pt;\">Subdirecci\u00f3n de Perforaci\u00f3n y Mantenimiento de Pozos &#8211; Sa\u00fal Bautista Fragoso<\/span><\/p>\n<p><span style=\"font-size: 14pt;\">Subdirecci\u00f3n de Coordinaci\u00f3n Operativa y Comercial &#8211; Carlos Armando Lechuga Agui\u00f1aga<\/span><\/p>\n<p><span style=\"font-size: 14pt;\">Direcci\u00f3n General de Pemex Transformaci\u00f3n industrial &#8211; Sergio Rosado Flores<\/span><\/p>\n<div class=\"teads-inread\">\n<div id=\"teads1\" class=\"teads-player\"><span style=\"font-size: 14pt;\">Subdirecci\u00f3n de Evaluaci\u00f3n y Cumplimiento Regulatorio &#8211; Sa\u00fal Andr\u00e9s Orueta \u00c1lvarez<\/span><\/div>\n<\/div>\n<p><span style=\"font-size: 14pt;\">Subdirecci\u00f3n de Seguridad, Salud en el Trabajo y protecci\u00f3n Ambiental &#8211; Marcela Villegas Silva<\/span><\/p>\n<p><span style=\"font-size: 14pt;\">Direcci\u00f3n\u00a0Corporativa de Administraci\u00f3n y Servicios &#8211; Ximena Jacinta Garcia Ramirez<\/span><\/p>\n<p><span style=\"font-size: 14pt;\">Subdirecci\u00f3n de Abastecimiento &#8211; Christopher Valenzuela Ponce<\/span><\/p>\n<p><span style=\"font-size: 14pt;\">Subdirecci\u00f3n de Capital Humano &#8211; Jaime Nieto Zerme\u00f1o<\/span><\/p>\n<p><span style=\"font-size: 14pt;\">Subdirecci\u00f3n de Servicios de Salud &#8211; Lorenzo Ch\u00e1vez Santos<\/span><\/p>\n<p><span style=\"font-size: 14pt;\">Subdirecci\u00f3n de Salvaguardia Estrat\u00e9gica &#8211; Daniel Arturo Diaz Ib\u00e1\u00f1ez<\/span><\/p>\n<p><span style=\"font-size: 14pt;\">Subdirecci\u00f3n de Servicios Corporativos &#8211; Juan Carlos Carpio Fragoso<\/span><\/p>\n<p><span style=\"font-size: 14pt;\">Direcci\u00f3n Corporativa de Finanzas &#8211; Jorge Alberto Aguilar L\u00f3pez<\/span><\/p>\n<p><span style=\"font-size: 14pt;\">Direcci\u00f3n Corporativa de Planeaci\u00f3n, Coordinaci\u00f3n y Desempe\u00f1o &#8211; Rosa Bello P\u00e9rez<\/span><\/p>\n<p><span style=\"font-size: 14pt;\">Direcci\u00f3n Juridica &#8211; Cargo<\/span><\/p>\n<\/div>\n<\/article>\n","protected":false},"excerpt":{"rendered":"<p>El aun director de Petr\u00f3leos mexicanos Octavio Romero Oropeza, present\u00f3 al nuevo equipo que estar\u00e1 al frente de la petrolera<\/p>\n","protected":false},"author":4,"featured_media":40981,"comment_status":"closed","ping_status":"closed","sticky":false,"template":"","format":"standard","meta":{"colormag_page_container_layout":"default_layout","colormag_page_sidebar_layout":"default_layout","_jetpack_memberships_contains_paid_content":false,"footnotes":"","jetpack_publicize_message":"","jetpack_publicize_feature_enabled":true,"jetpack_social_post_already_shared":true,"jetpack_social_options":{"image_generator_settings":{"template":"highway","default_image_id":0,"font":"","enabled":false},"version":2}},"categories":[4],"tags":[],"class_list":["post-40980","post","type-post","status-publish","format-standard","has-post-thumbnail","hentry","category-nacional"],"jetpack_publicize_connections":[],"jetpack_featured_media_url":"https:\/\/noticiasveracruz.com\/wp-content\/uploads\/2024\/09\/Pemex.jpg","jetpack_sharing_enabled":true,"publishpress_future_action":{"enabled":false,"date":"2026-05-05 15:43:09","action":"change-status","newStatus":"draft","terms":[],"taxonomy":"category","extraData":[]},"publishpress_future_workflow_manual_trigger":{"enabledWorkflows":[]},"_links":{"self":[{"href":"https:\/\/noticiasveracruz.com\/index.php\/wp-json\/wp\/v2\/posts\/40980","targetHints":{"allow":["GET"]}}],"collection":[{"href":"https:\/\/noticiasveracruz.com\/index.php\/wp-json\/wp\/v2\/posts"}],"about":[{"href":"https:\/\/noticiasveracruz.com\/index.php\/wp-json\/wp\/v2\/types\/post"}],"author":[{"embeddable":true,"href":"https:\/\/noticiasveracruz.com\/index.php\/wp-json\/wp\/v2\/users\/4"}],"replies":[{"embeddable":true,"href":"https:\/\/noticiasveracruz.com\/index.php\/wp-json\/wp\/v2\/comments?post=40980"}],"version-history":[{"count":0,"href":"https:\/\/noticiasveracruz.com\/index.php\/wp-json\/wp\/v2\/posts\/40980\/revisions"}],"wp:featuredmedia":[{"embeddable":true,"href":"https:\/\/noticiasveracruz.com\/index.php\/wp-json\/wp\/v2\/media\/40981"}],"wp:attachment":[{"href":"https:\/\/noticiasveracruz.com\/index.php\/wp-json\/wp\/v2\/media?parent=40980"}],"wp:term":[{"taxonomy":"category","embeddable":true,"href":"https:\/\/noticiasveracruz.com\/index.php\/wp-json\/wp\/v2\/categories?post=40980"},{"taxonomy":"post_tag","embeddable":true,"href":"https:\/\/noticiasveracruz.com\/index.php\/wp-json\/wp\/v2\/tags?post=40980"}],"curies":[{"name":"wp","href":"https:\/\/api.w.org\/{rel}","templated":true}]}}