{"id":40977,"date":"2024-09-28T00:30:42","date_gmt":"2024-09-28T05:30:42","guid":{"rendered":"https:\/\/noticiasveracruz.com\/?p=40977"},"modified":"2024-09-28T00:30:42","modified_gmt":"2024-09-28T05:30:42","slug":"moodys-rebaja-nota-crediticia-de-israel-por-aumento-de-riesgos-geopoliticos","status":"publish","type":"post","link":"https:\/\/noticiasveracruz.com\/index.php\/2024\/09\/28\/moodys-rebaja-nota-crediticia-de-israel-por-aumento-de-riesgos-geopoliticos\/","title":{"rendered":"Moody&#8217;s rebaja nota crediticia de Israel por aumento de riesgos geopol\u00edticos"},"content":{"rendered":"<p><span style=\"font-size: 14pt;\">La agencia calificadora\u00a0recort\u00f3 la nota crediticia de Israel, por segunda vez en el a\u00f1o, a\u00a0Baa1, y la puso en perspectiva negativa, se\u00f1al de que\u00a0podr\u00eda degradarla de nuevo\u00a0en corto plazo.<\/span><\/p>\n<p><span style=\"font-size: 14pt;\">\u00abEl principal factor de esta degradaci\u00f3n es nuestra visi\u00f3n de que los riesgos geopol\u00edticos se han intensificado significativamente, a niveles muy altos, con consecuencias negativas para la solvencia crediticia de Israel en el corto y largo plazo\u00bb, explic\u00f3 Moody&#8217;s.<\/span><\/p>\n","protected":false},"excerpt":{"rendered":"<p>La agencia calificadora\u00a0recort\u00f3 la nota crediticia de Israel, por segunda vez en el a\u00f1o, a\u00a0Baa1, y la puso en perspectiva<\/p>\n","protected":false},"author":4,"featured_media":40978,"comment_status":"closed","ping_status":"closed","sticky":false,"template":"","format":"standard","meta":{"colormag_page_container_layout":"default_layout","colormag_page_sidebar_layout":"default_layout","_jetpack_memberships_contains_paid_content":false,"footnotes":"","jetpack_publicize_message":"","jetpack_publicize_feature_enabled":true,"jetpack_social_post_already_shared":true,"jetpack_social_options":{"image_generator_settings":{"template":"highway","default_image_id":0,"font":"","enabled":false},"version":2}},"categories":[1947],"tags":[],"class_list":["post-40977","post","type-post","status-publish","format-standard","has-post-thumbnail","hentry","category-economia"],"jetpack_publicize_connections":[],"jetpack_featured_media_url":"https:\/\/noticiasveracruz.com\/wp-content\/uploads\/2024\/09\/66e84289daa96.jpeg","jetpack_sharing_enabled":true,"publishpress_future_action":{"enabled":false,"date":"2026-05-05 14:47:37","action":"change-status","newStatus":"draft","terms":[],"taxonomy":"category","extraData":[]},"publishpress_future_workflow_manual_trigger":{"enabledWorkflows":[]},"_links":{"self":[{"href":"https:\/\/noticiasveracruz.com\/index.php\/wp-json\/wp\/v2\/posts\/40977","targetHints":{"allow":["GET"]}}],"collection":[{"href":"https:\/\/noticiasveracruz.com\/index.php\/wp-json\/wp\/v2\/posts"}],"about":[{"href":"https:\/\/noticiasveracruz.com\/index.php\/wp-json\/wp\/v2\/types\/post"}],"author":[{"embeddable":true,"href":"https:\/\/noticiasveracruz.com\/index.php\/wp-json\/wp\/v2\/users\/4"}],"replies":[{"embeddable":true,"href":"https:\/\/noticiasveracruz.com\/index.php\/wp-json\/wp\/v2\/comments?post=40977"}],"version-history":[{"count":0,"href":"https:\/\/noticiasveracruz.com\/index.php\/wp-json\/wp\/v2\/posts\/40977\/revisions"}],"wp:featuredmedia":[{"embeddable":true,"href":"https:\/\/noticiasveracruz.com\/index.php\/wp-json\/wp\/v2\/media\/40978"}],"wp:attachment":[{"href":"https:\/\/noticiasveracruz.com\/index.php\/wp-json\/wp\/v2\/media?parent=40977"}],"wp:term":[{"taxonomy":"category","embeddable":true,"href":"https:\/\/noticiasveracruz.com\/index.php\/wp-json\/wp\/v2\/categories?post=40977"},{"taxonomy":"post_tag","embeddable":true,"href":"https:\/\/noticiasveracruz.com\/index.php\/wp-json\/wp\/v2\/tags?post=40977"}],"curies":[{"name":"wp","href":"https:\/\/api.w.org\/{rel}","templated":true}]}}