{"id":40974,"date":"2024-09-28T00:28:45","date_gmt":"2024-09-28T05:28:45","guid":{"rendered":"https:\/\/noticiasveracruz.com\/?p=40974"},"modified":"2024-09-28T00:28:45","modified_gmt":"2024-09-28T05:28:45","slug":"el-proteccionismo-sera-un-reto-en-la-negociacion-del-t-mec-marcelo-ebrard","status":"publish","type":"post","link":"https:\/\/noticiasveracruz.com\/index.php\/2024\/09\/28\/el-proteccionismo-sera-un-reto-en-la-negociacion-del-t-mec-marcelo-ebrard\/","title":{"rendered":"El proteccionismo ser\u00e1 un reto en la negociaci\u00f3n del T-MEC: Marcelo Ebrard"},"content":{"rendered":"<p><span style=\"font-size: 14pt;\">El pr\u00f3ximo secretario de Econom\u00eda,\u00a0Marcelo Ebrard, consider\u00f3 que la revisi\u00f3n del Tratado entre M\u00e9xico, Estados Unidos y Canad\u00e1 (T-MEC), cuyas consultas inician en el segundo semestre del 2025, se dar\u00e1 en un contexto de proteccionismo que la dificultar\u00e1, aunque ya se define la ruta a seguir para tener \u00e9xito.<\/span><\/p>\n<p><span style=\"font-size: 14pt;\">Desde su perspectiva,\u00a0M\u00e9xico\u00a0ha tenido muchas ventajas comparativas\u00a0que no se han aprovechado por los intereses de\u00a0Estados Unidos\u00a0y ante ello debe existir una adecuada preparaci\u00f3n para mostrar argumentos en la negociaci\u00f3n.<\/span><\/p>\n","protected":false},"excerpt":{"rendered":"<p>El pr\u00f3ximo secretario de Econom\u00eda,\u00a0Marcelo Ebrard, consider\u00f3 que la revisi\u00f3n del Tratado entre M\u00e9xico, Estados Unidos y Canad\u00e1 (T-MEC), cuyas<\/p>\n","protected":false},"author":4,"featured_media":40975,"comment_status":"closed","ping_status":"closed","sticky":false,"template":"","format":"standard","meta":{"colormag_page_container_layout":"default_layout","colormag_page_sidebar_layout":"default_layout","_jetpack_memberships_contains_paid_content":false,"footnotes":"","jetpack_publicize_message":"","jetpack_publicize_feature_enabled":true,"jetpack_social_post_already_shared":true,"jetpack_social_options":{"image_generator_settings":{"template":"highway","default_image_id":0,"font":"","enabled":false},"version":2}},"categories":[1947],"tags":[],"class_list":["post-40974","post","type-post","status-publish","format-standard","has-post-thumbnail","hentry","category-economia"],"jetpack_publicize_connections":[],"jetpack_featured_media_url":"https:\/\/noticiasveracruz.com\/wp-content\/uploads\/2024\/09\/66eb2d483ac1d.jpeg","jetpack_sharing_enabled":true,"publishpress_future_action":{"enabled":false,"date":"2026-05-05 13:37:57","action":"change-status","newStatus":"draft","terms":[],"taxonomy":"category","extraData":[]},"publishpress_future_workflow_manual_trigger":{"enabledWorkflows":[]},"_links":{"self":[{"href":"https:\/\/noticiasveracruz.com\/index.php\/wp-json\/wp\/v2\/posts\/40974","targetHints":{"allow":["GET"]}}],"collection":[{"href":"https:\/\/noticiasveracruz.com\/index.php\/wp-json\/wp\/v2\/posts"}],"about":[{"href":"https:\/\/noticiasveracruz.com\/index.php\/wp-json\/wp\/v2\/types\/post"}],"author":[{"embeddable":true,"href":"https:\/\/noticiasveracruz.com\/index.php\/wp-json\/wp\/v2\/users\/4"}],"replies":[{"embeddable":true,"href":"https:\/\/noticiasveracruz.com\/index.php\/wp-json\/wp\/v2\/comments?post=40974"}],"version-history":[{"count":0,"href":"https:\/\/noticiasveracruz.com\/index.php\/wp-json\/wp\/v2\/posts\/40974\/revisions"}],"wp:featuredmedia":[{"embeddable":true,"href":"https:\/\/noticiasveracruz.com\/index.php\/wp-json\/wp\/v2\/media\/40975"}],"wp:attachment":[{"href":"https:\/\/noticiasveracruz.com\/index.php\/wp-json\/wp\/v2\/media?parent=40974"}],"wp:term":[{"taxonomy":"category","embeddable":true,"href":"https:\/\/noticiasveracruz.com\/index.php\/wp-json\/wp\/v2\/categories?post=40974"},{"taxonomy":"post_tag","embeddable":true,"href":"https:\/\/noticiasveracruz.com\/index.php\/wp-json\/wp\/v2\/tags?post=40974"}],"curies":[{"name":"wp","href":"https:\/\/api.w.org\/{rel}","templated":true}]}}