{"id":40971,"date":"2024-09-28T00:27:05","date_gmt":"2024-09-28T05:27:05","guid":{"rendered":"https:\/\/noticiasveracruz.com\/?p=40971"},"modified":"2024-09-28T00:27:05","modified_gmt":"2024-09-28T05:27:05","slug":"gobierno-de-amlo-gasto-mas-de-lo-que-recaudo-de-enero-a-agosto-de-2024","status":"publish","type":"post","link":"https:\/\/noticiasveracruz.com\/index.php\/2024\/09\/28\/gobierno-de-amlo-gasto-mas-de-lo-que-recaudo-de-enero-a-agosto-de-2024\/","title":{"rendered":"Gobierno de AMLO gast\u00f3 m\u00e1s de lo que recaud\u00f3 de enero a agosto de 2024"},"content":{"rendered":"<p><span style=\"font-size: 14pt;\">El\u00a0gobierno de Andr\u00e9s Manuel L\u00f3pez Obrador, que terminar\u00e1 en unos d\u00edas, continu\u00f3 gastando m\u00e1s de lo que recaud\u00f3 entre enero y agosto de este a\u00f1o, de acuerdo con datos de la Secretar\u00eda de Hacienda y Cr\u00e9dito P\u00fablico (SHCP).<\/span><\/p>\n<p><span style=\"font-size: 14pt;\">El Informe de Finanzas P\u00fablicas y la Deuda P\u00fablica a agosto de este a\u00f1o mostr\u00f3 que el\u00a0gasto p\u00fablico\u00a0ejercido fue de 5 billones 947,257 millones de pesos, lo que result\u00f3 un incremento de 9.6% en comparaci\u00f3n anual.<\/span><\/p>\n","protected":false},"excerpt":{"rendered":"<p>El\u00a0gobierno de Andr\u00e9s Manuel L\u00f3pez Obrador, que terminar\u00e1 en unos d\u00edas, continu\u00f3 gastando m\u00e1s de lo que recaud\u00f3 entre enero<\/p>\n","protected":false},"author":4,"featured_media":40972,"comment_status":"closed","ping_status":"closed","sticky":false,"template":"","format":"standard","meta":{"colormag_page_container_layout":"default_layout","colormag_page_sidebar_layout":"default_layout","_jetpack_memberships_contains_paid_content":false,"footnotes":"","jetpack_publicize_message":"","jetpack_publicize_feature_enabled":true,"jetpack_social_post_already_shared":true,"jetpack_social_options":{"image_generator_settings":{"template":"highway","default_image_id":0,"font":"","enabled":false},"version":2}},"categories":[1947],"tags":[],"class_list":["post-40971","post","type-post","status-publish","format-standard","has-post-thumbnail","hentry","category-economia"],"jetpack_publicize_connections":[],"jetpack_featured_media_url":"https:\/\/noticiasveracruz.com\/wp-content\/uploads\/2024\/09\/66e497525ab15.jpeg","jetpack_sharing_enabled":true,"publishpress_future_action":{"enabled":false,"date":"2026-05-05 12:30:21","action":"change-status","newStatus":"draft","terms":[],"taxonomy":"category","extraData":[]},"publishpress_future_workflow_manual_trigger":{"enabledWorkflows":[]},"_links":{"self":[{"href":"https:\/\/noticiasveracruz.com\/index.php\/wp-json\/wp\/v2\/posts\/40971","targetHints":{"allow":["GET"]}}],"collection":[{"href":"https:\/\/noticiasveracruz.com\/index.php\/wp-json\/wp\/v2\/posts"}],"about":[{"href":"https:\/\/noticiasveracruz.com\/index.php\/wp-json\/wp\/v2\/types\/post"}],"author":[{"embeddable":true,"href":"https:\/\/noticiasveracruz.com\/index.php\/wp-json\/wp\/v2\/users\/4"}],"replies":[{"embeddable":true,"href":"https:\/\/noticiasveracruz.com\/index.php\/wp-json\/wp\/v2\/comments?post=40971"}],"version-history":[{"count":0,"href":"https:\/\/noticiasveracruz.com\/index.php\/wp-json\/wp\/v2\/posts\/40971\/revisions"}],"wp:featuredmedia":[{"embeddable":true,"href":"https:\/\/noticiasveracruz.com\/index.php\/wp-json\/wp\/v2\/media\/40972"}],"wp:attachment":[{"href":"https:\/\/noticiasveracruz.com\/index.php\/wp-json\/wp\/v2\/media?parent=40971"}],"wp:term":[{"taxonomy":"category","embeddable":true,"href":"https:\/\/noticiasveracruz.com\/index.php\/wp-json\/wp\/v2\/categories?post=40971"},{"taxonomy":"post_tag","embeddable":true,"href":"https:\/\/noticiasveracruz.com\/index.php\/wp-json\/wp\/v2\/tags?post=40971"}],"curies":[{"name":"wp","href":"https:\/\/api.w.org\/{rel}","templated":true}]}}