{"id":40965,"date":"2024-09-28T00:20:31","date_gmt":"2024-09-28T05:20:31","guid":{"rendered":"https:\/\/noticiasveracruz.com\/?p=40965"},"modified":"2024-09-28T00:20:31","modified_gmt":"2024-09-28T05:20:31","slug":"confirman-saldo-blanco-en-quintana-roo-tras-el-paso-del-huracan-helene","status":"publish","type":"post","link":"https:\/\/noticiasveracruz.com\/index.php\/2024\/09\/28\/confirman-saldo-blanco-en-quintana-roo-tras-el-paso-del-huracan-helene\/","title":{"rendered":"Confirman saldo blanco en Quintana Roo tras el paso del hurac\u00e1n Helene"},"content":{"rendered":"<p><span style=\"font-size: 14pt;\">Saldo blanco y normalizaci\u00f3n plena de sus instalaciones reporta el sector hotelero de Canc\u00fan tras el paso de\u00a0Helene\u00a0frente a las costas de Quintana Roo.\u00a0<\/span><\/p>\n<p><span style=\"font-size: 14pt;\">As\u00ed lo dio a conocer Jes\u00fas Almaguer, presidente de la Asociaci\u00f3n de Hoteles de Canc\u00fan, Puerto Morelos e Isla Mujeres:<\/span><\/p>\n<p><span style=\"font-size: 14pt;\">\u201cLo m\u00e1s importante es que hubo saldo blanco, los hoteles sin ning\u00fan problema significativo, trabajando normalmente, el aeropuerto siempre estuvo abierto, hubo aerol\u00edneas que cancelaron vuelos, pero todo eso tiene un protocolo;\u00a0lo importante es que estamos bien, en situaci\u00f3n normal y tenemos que difundir que el estatus del destino es apropiado y mejor que nunca\u201d.<\/span><\/p>\n<p><span style=\"font-size: 14pt;\">El l\u00edder hotelero envi\u00f3 felicitaciones tanto a la gobernadora como a las distintas autoridades que se desplegaron durante y despu\u00e9s de la tormenta para agilizar la normalizaci\u00f3n de las calles y avenidas afectadas por la gran cantidad de agua que trajo consigo Helene.<\/span><\/p>\n","protected":false},"excerpt":{"rendered":"<p>Saldo blanco y normalizaci\u00f3n plena de sus instalaciones reporta el sector hotelero de Canc\u00fan tras el paso de\u00a0Helene\u00a0frente a las<\/p>\n","protected":false},"author":4,"featured_media":40966,"comment_status":"closed","ping_status":"closed","sticky":false,"template":"","format":"standard","meta":{"colormag_page_container_layout":"default_layout","colormag_page_sidebar_layout":"default_layout","_jetpack_memberships_contains_paid_content":false,"footnotes":"","jetpack_publicize_message":"","jetpack_publicize_feature_enabled":true,"jetpack_social_post_already_shared":true,"jetpack_social_options":{"image_generator_settings":{"template":"highway","default_image_id":0,"font":"","enabled":false},"version":2}},"categories":[145],"tags":[],"class_list":["post-40965","post","type-post","status-publish","format-standard","has-post-thumbnail","hentry","category-estados"],"jetpack_publicize_connections":[],"jetpack_featured_media_url":"https:\/\/noticiasveracruz.com\/wp-content\/uploads\/2024\/09\/66f5a701b6d73.jpeg","jetpack_sharing_enabled":true,"publishpress_future_action":{"enabled":false,"date":"2026-05-05 14:32:55","action":"change-status","newStatus":"draft","terms":[],"taxonomy":"category","extraData":[]},"publishpress_future_workflow_manual_trigger":{"enabledWorkflows":[]},"_links":{"self":[{"href":"https:\/\/noticiasveracruz.com\/index.php\/wp-json\/wp\/v2\/posts\/40965","targetHints":{"allow":["GET"]}}],"collection":[{"href":"https:\/\/noticiasveracruz.com\/index.php\/wp-json\/wp\/v2\/posts"}],"about":[{"href":"https:\/\/noticiasveracruz.com\/index.php\/wp-json\/wp\/v2\/types\/post"}],"author":[{"embeddable":true,"href":"https:\/\/noticiasveracruz.com\/index.php\/wp-json\/wp\/v2\/users\/4"}],"replies":[{"embeddable":true,"href":"https:\/\/noticiasveracruz.com\/index.php\/wp-json\/wp\/v2\/comments?post=40965"}],"version-history":[{"count":0,"href":"https:\/\/noticiasveracruz.com\/index.php\/wp-json\/wp\/v2\/posts\/40965\/revisions"}],"wp:featuredmedia":[{"embeddable":true,"href":"https:\/\/noticiasveracruz.com\/index.php\/wp-json\/wp\/v2\/media\/40966"}],"wp:attachment":[{"href":"https:\/\/noticiasveracruz.com\/index.php\/wp-json\/wp\/v2\/media?parent=40965"}],"wp:term":[{"taxonomy":"category","embeddable":true,"href":"https:\/\/noticiasveracruz.com\/index.php\/wp-json\/wp\/v2\/categories?post=40965"},{"taxonomy":"post_tag","embeddable":true,"href":"https:\/\/noticiasveracruz.com\/index.php\/wp-json\/wp\/v2\/tags?post=40965"}],"curies":[{"name":"wp","href":"https:\/\/api.w.org\/{rel}","templated":true}]}}