{"id":40959,"date":"2024-09-28T00:16:02","date_gmt":"2024-09-28T05:16:02","guid":{"rendered":"https:\/\/noticiasveracruz.com\/?p=40959"},"modified":"2024-09-28T00:16:02","modified_gmt":"2024-09-28T05:16:02","slug":"ataques-israelies-en-libano-dejaron-92-muertos-y-153-heridos-en-las-ultimas-24-horas-2","status":"publish","type":"post","link":"https:\/\/noticiasveracruz.com\/index.php\/2024\/09\/28\/ataques-israelies-en-libano-dejaron-92-muertos-y-153-heridos-en-las-ultimas-24-horas-2\/","title":{"rendered":"Ataques israel\u00edes en L\u00edbano dejaron 92 muertos y 153 heridos, en las \u00faltimas 24 horas"},"content":{"rendered":"<p><span style=\"font-size: 14pt;\">Al menos\u00a092 personas murieron y otras 153 resultaron heridas\u00a0por los\u00a0intensos\u00a0bombardeos israel\u00edes\u00a0de las\u00a0\u00faltimas 24 horas\u00a0contra\u00a0L\u00edbano, acciones que\u00a0se han concentrado en el este y el sur del pa\u00eds, pero tambi\u00e9n fueron lanzadas contra los suburbios sur de Beirut.<\/span><\/p>\n<p><span style=\"font-size: 14pt;\">El Ministerio de Salud P\u00fablica dijo en una serie de comunicados que en L\u00edbano los\u00a0ataques a\u00e9reos afectaron principalmente a las poblaciones del sur, donde\u00a0se registraron 40 muertos,\u00a0y en las del este, donde se contabilizaron 48, mientras que en el Monte L\u00edbano hubo cuatro fallecidos.<\/span><\/p>\n<p><span style=\"font-size: 14pt;\">El Gobierno liban\u00e9s denunci\u00f3 que\u00a0Israel lanz\u00f3 m\u00e1s de un centenar de ataques contra su territorio\u00a0a lo largo de este jueves, en el marco de la intensa campa\u00f1a de\u00a0bombardeos que el Estado jud\u00edo efect\u00faa desde el lunes\u00a0en varias localidades del pa\u00eds.<\/span><\/p>\n","protected":false},"excerpt":{"rendered":"<p>Al menos\u00a092 personas murieron y otras 153 resultaron heridas\u00a0por los\u00a0intensos\u00a0bombardeos israel\u00edes\u00a0de las\u00a0\u00faltimas 24 horas\u00a0contra\u00a0L\u00edbano, acciones que\u00a0se han concentrado en el<\/p>\n","protected":false},"author":4,"featured_media":40960,"comment_status":"closed","ping_status":"closed","sticky":false,"template":"","format":"standard","meta":{"colormag_page_container_layout":"default_layout","colormag_page_sidebar_layout":"default_layout","_jetpack_memberships_contains_paid_content":false,"footnotes":"","jetpack_publicize_message":"","jetpack_publicize_feature_enabled":true,"jetpack_social_post_already_shared":true,"jetpack_social_options":{"image_generator_settings":{"template":"highway","default_image_id":0,"font":"","enabled":false},"version":2}},"categories":[355],"tags":[],"class_list":["post-40959","post","type-post","status-publish","format-standard","has-post-thumbnail","hentry","category-internacional"],"jetpack_publicize_connections":[],"jetpack_featured_media_url":"https:\/\/noticiasveracruz.com\/wp-content\/uploads\/2024\/09\/Ataque-de-Israel-en-Libano-1.jpg","jetpack_sharing_enabled":true,"publishpress_future_action":{"enabled":false,"date":"2026-05-05 16:52:46","action":"change-status","newStatus":"draft","terms":[],"taxonomy":"category","extraData":[]},"publishpress_future_workflow_manual_trigger":{"enabledWorkflows":[]},"_links":{"self":[{"href":"https:\/\/noticiasveracruz.com\/index.php\/wp-json\/wp\/v2\/posts\/40959","targetHints":{"allow":["GET"]}}],"collection":[{"href":"https:\/\/noticiasveracruz.com\/index.php\/wp-json\/wp\/v2\/posts"}],"about":[{"href":"https:\/\/noticiasveracruz.com\/index.php\/wp-json\/wp\/v2\/types\/post"}],"author":[{"embeddable":true,"href":"https:\/\/noticiasveracruz.com\/index.php\/wp-json\/wp\/v2\/users\/4"}],"replies":[{"embeddable":true,"href":"https:\/\/noticiasveracruz.com\/index.php\/wp-json\/wp\/v2\/comments?post=40959"}],"version-history":[{"count":0,"href":"https:\/\/noticiasveracruz.com\/index.php\/wp-json\/wp\/v2\/posts\/40959\/revisions"}],"wp:featuredmedia":[{"embeddable":true,"href":"https:\/\/noticiasveracruz.com\/index.php\/wp-json\/wp\/v2\/media\/40960"}],"wp:attachment":[{"href":"https:\/\/noticiasveracruz.com\/index.php\/wp-json\/wp\/v2\/media?parent=40959"}],"wp:term":[{"taxonomy":"category","embeddable":true,"href":"https:\/\/noticiasveracruz.com\/index.php\/wp-json\/wp\/v2\/categories?post=40959"},{"taxonomy":"post_tag","embeddable":true,"href":"https:\/\/noticiasveracruz.com\/index.php\/wp-json\/wp\/v2\/tags?post=40959"}],"curies":[{"name":"wp","href":"https:\/\/api.w.org\/{rel}","templated":true}]}}