{"id":40944,"date":"2024-09-28T00:06:35","date_gmt":"2024-09-28T05:06:35","guid":{"rendered":"https:\/\/noticiasveracruz.com\/?p=40944"},"modified":"2024-09-28T00:06:35","modified_gmt":"2024-09-28T05:06:35","slug":"inicio-la-instalacion-de-6500-luminarias-led-para-iluminar-86-comunidades-rurales-y-colonias-de-tuxpan","status":"publish","type":"post","link":"https:\/\/noticiasveracruz.com\/index.php\/2024\/09\/28\/inicio-la-instalacion-de-6500-luminarias-led-para-iluminar-86-comunidades-rurales-y-colonias-de-tuxpan\/","title":{"rendered":"Inici\u00f3 la instalaci\u00f3n de 6,500 luminarias LED para iluminar 86 comunidades rurales y colonias de Tuxpan"},"content":{"rendered":"<p><span style=\"font-size: 14pt;\">\u2022 El alcalde Jos\u00e9 Manuel Pozos agradeci\u00f3 a Roci\u00f3 Nahle su apoyo para hacer realidad este gran proyecto.<\/span><br \/>\n<span style=\"font-size: 14pt;\">\u2022 Tambi\u00e9n reconoci\u00f3 la participaci\u00f3n activa de las y los agentes y subagentes municipales.<\/span><\/p>\n<p><span style=\"font-size: 14pt;\">El presidente municipal, Lic. Jos\u00e9 Manuel Pozos Castro, regidoras y regidores dieron el banderazo de inicio a la instalaci\u00f3n de 6,500 luminarias de \u00faltima generaci\u00f3n en 86 comunidades rurales y colonias.<\/span><\/p>\n<p><span style=\"font-size: 14pt;\">\u201cEsto no ser\u00eda posible sin el respaldo incondicional que nos ha brindado nuestra exsecretaria de Energ\u00eda y gobernadora electa de Veracruz, la Ing. Roc\u00edo Nahle\u2026 Roc\u00edo: En nombre del pueblo y gobierno de Tuxpan, gracias, \u00a1Amor, con amor se paga!\u201d, expres\u00f3 Pozos Castro.<\/span><\/p>\n<p><span style=\"font-size: 14pt;\">La inversi\u00f3n de este proyecto es de 34 millones de pesos, provenientes del Fondo para la Transici\u00f3n Energ\u00e9tica y el Aprovechamiento Sustentable de la Energ\u00eda.<\/span><\/p>\n<p><span style=\"font-size: 14pt;\">Los trabajos de instalaci\u00f3n de luminarias y 2,000 brazos met\u00e1licos habr\u00e1n de estar concluidos en el mes de noviembre.<\/span><\/p>\n<p><span style=\"font-size: 14pt;\">Acompa\u00f1aron al alcalde las regidoras y los regidores Mar\u00eda del Pilar Mart\u00ednez Matesanz, regidora comisionada en Alumbrado P\u00fablico, Amado Guti\u00e9rrez Lima, Anah\u00ed Aguilar L\u00f3pez, Lucero Res\u00e9ndis Ambrocio, Luis Demetrio L\u00f3pez Mar\u00edn, Axel Bernal Herrera y Luciano Folgueras Pioli.<\/span><\/p>\n<p><span style=\"font-size: 14pt;\">As\u00ed mismo, el Ing. Gast\u00f3n Pumarejo C\u00e1rdenas, director de Diagnosis y Consultor\u00eda Energ\u00e9tica, empresa encargada del proyecto; y el Ing. Hugo Salinas Rodr\u00edguez, coordinador de instalaci\u00f3n de luminarias.<\/span><\/p>\n<p><span style=\"font-size: 14pt;\">El presidente municipal record\u00f3 que el a\u00f1o pasado se instalaron 8,500 luminarias LED en la zona urbana, poniendo fin a la mayor etapa de oscuridad que ha vivido la ciudad.<\/span><\/p>\n<p><span style=\"font-size: 14pt;\">El mandatario tambi\u00e9n agradeci\u00f3 al Gobierno Federal, particularmente a dependencias como la Secretar\u00eda de Energ\u00eda y Comisi\u00f3n Federal de Electricidad.<\/span><\/p>\n<p><span style=\"font-size: 14pt;\">\u201cLlevar este servicio a nuestras comunidades, tambi\u00e9n es un acto de justicia social y un reconocimiento pleno a las familias del campo\u201d, mencion\u00f3 Jos\u00e9 Manuel Pozos.<\/span><\/p>\n<p><span style=\"font-size: 14pt;\">En ese sentido reconoci\u00f3 la labor de todas y todos los agentes y subagentes municipales por estar siempre pendientes para que se llevara a cabo esta gesti\u00f3n: \u201cellos fueron responsables de hacer el levantamiento energ\u00e9tico con las autoridades de CFE y con la empresa encargada de la instalaci\u00f3n, y tambi\u00e9n estar\u00e1n encargados de la supervisi\u00f3n de las luminarias\u201d.<\/span><\/p>\n<p><span style=\"font-size: 14pt;\">\u201cTuxpan nunca m\u00e1s estar\u00e1 a oscuras, Tuxpan hoy brilla m\u00e1s que nunca\u201d, concluy\u00f3.<\/span><\/p>\n<p><span style=\"font-size: 14pt;\">Por su parte el Ing. Gast\u00f3n Pumarejo C\u00e1rdenas, director de Diagnosis y Consultor\u00eda Energ\u00e9tica, indic\u00f3 que la tecnolog\u00eda que se instalar\u00e1 es de \u00faltima generaci\u00f3n y este es uno de los proyectos m\u00e1s importantes en relaci\u00f3n con el tema de seguridad, ya que garantiza a la poblaci\u00f3n el poder caminar tranquilamente por las calles de las comunidades con una luminaria que tiene una vida superior a los 20 a\u00f1os y una garant\u00eda de m\u00e1s de una d\u00e9cada.<\/span><\/p>\n","protected":false},"excerpt":{"rendered":"<p>\u2022 El alcalde Jos\u00e9 Manuel Pozos agradeci\u00f3 a Roci\u00f3 Nahle su apoyo para hacer realidad este gran proyecto. \u2022 Tambi\u00e9n<\/p>\n","protected":false},"author":4,"featured_media":40945,"comment_status":"closed","ping_status":"closed","sticky":false,"template":"","format":"standard","meta":{"colormag_page_container_layout":"default_layout","colormag_page_sidebar_layout":"default_layout","_jetpack_memberships_contains_paid_content":false,"footnotes":"","jetpack_publicize_message":"","jetpack_publicize_feature_enabled":true,"jetpack_social_post_already_shared":true,"jetpack_social_options":{"image_generator_settings":{"template":"highway","default_image_id":0,"font":"","enabled":false},"version":2}},"categories":[3372,356],"tags":[],"class_list":["post-40944","post","type-post","status-publish","format-standard","has-post-thumbnail","hentry","category-gobierno-tuxpan","category-veracruz"],"jetpack_publicize_connections":[],"jetpack_featured_media_url":"https:\/\/noticiasveracruz.com\/wp-content\/uploads\/2024\/09\/98303db5-cf14-4ac8-b93b-f910dfe18307.jpg","jetpack_sharing_enabled":true,"publishpress_future_action":{"enabled":false,"date":"2026-05-05 19:01:13","action":"change-status","newStatus":"draft","terms":[],"taxonomy":"category","extraData":[]},"publishpress_future_workflow_manual_trigger":{"enabledWorkflows":[]},"_links":{"self":[{"href":"https:\/\/noticiasveracruz.com\/index.php\/wp-json\/wp\/v2\/posts\/40944","targetHints":{"allow":["GET"]}}],"collection":[{"href":"https:\/\/noticiasveracruz.com\/index.php\/wp-json\/wp\/v2\/posts"}],"about":[{"href":"https:\/\/noticiasveracruz.com\/index.php\/wp-json\/wp\/v2\/types\/post"}],"author":[{"embeddable":true,"href":"https:\/\/noticiasveracruz.com\/index.php\/wp-json\/wp\/v2\/users\/4"}],"replies":[{"embeddable":true,"href":"https:\/\/noticiasveracruz.com\/index.php\/wp-json\/wp\/v2\/comments?post=40944"}],"version-history":[{"count":0,"href":"https:\/\/noticiasveracruz.com\/index.php\/wp-json\/wp\/v2\/posts\/40944\/revisions"}],"wp:featuredmedia":[{"embeddable":true,"href":"https:\/\/noticiasveracruz.com\/index.php\/wp-json\/wp\/v2\/media\/40945"}],"wp:attachment":[{"href":"https:\/\/noticiasveracruz.com\/index.php\/wp-json\/wp\/v2\/media?parent=40944"}],"wp:term":[{"taxonomy":"category","embeddable":true,"href":"https:\/\/noticiasveracruz.com\/index.php\/wp-json\/wp\/v2\/categories?post=40944"},{"taxonomy":"post_tag","embeddable":true,"href":"https:\/\/noticiasveracruz.com\/index.php\/wp-json\/wp\/v2\/tags?post=40944"}],"curies":[{"name":"wp","href":"https:\/\/api.w.org\/{rel}","templated":true}]}}