{"id":40939,"date":"2024-09-28T00:01:28","date_gmt":"2024-09-28T05:01:28","guid":{"rendered":"https:\/\/noticiasveracruz.com\/?p=40939"},"modified":"2024-09-28T00:01:28","modified_gmt":"2024-09-28T05:01:28","slug":"foro-de-comercializacion-de-productos-del-programa-sembrando-vida-en-la-plaza-civica-de-tuxpan-el-proximo-domingo","status":"publish","type":"post","link":"https:\/\/noticiasveracruz.com\/index.php\/2024\/09\/28\/foro-de-comercializacion-de-productos-del-programa-sembrando-vida-en-la-plaza-civica-de-tuxpan-el-proximo-domingo\/","title":{"rendered":"Foro de Comercializaci\u00f3n de Productos del programa \u201cSembrando Vida\u201d, en la plaza c\u00edvica de Tuxpan, el pr\u00f3ximo domingo"},"content":{"rendered":"<p><span style=\"font-size: 14pt;\">\u2022 Habr\u00e1 venta de productos frescos del campo, bebidas y comida tradicional.<\/span><br \/>\n<span style=\"font-size: 14pt;\">\u2022 Estas actividades se realizan en el marco del D\u00eda del Ma\u00edz.<\/span><\/p>\n<p><span style=\"font-size: 14pt;\">Sembradores de Tuxpan, Castillo de Teayo, Tihuatl\u00e1n y \u00c1lamo participar\u00e1n en el Foro de Comercializaci\u00f3n de Productos del programa \u201cSembrando Vida\u201d, que realizan la Secretar\u00eda de Bienestar, el Instituto Nacional de los Pueblos Ind\u00edgenas (INPI) y el Gobierno de Tuxpan.<\/span><\/p>\n<p><span style=\"font-size: 14pt;\">El evento se llevar\u00e1 a cabo el pr\u00f3ximo domingo 29 de septiembre, a partir de las 8:00 de la ma\u00f1ana en la explanada municipal, en el marco del D\u00eda Nacional del Ma\u00edz.<\/span><\/p>\n<p><span style=\"font-size: 14pt;\">Los sembradores expondr\u00e1n y comercializar\u00e1n productos frescos y de valor agregado, as\u00ed como bebidas y comidas tradicionales elaboradas a base de ma\u00edz.<\/span><\/p>\n<p><span style=\"font-size: 14pt;\">Este foro busca generar v\u00ednculos entre sembradores, productores y compradores directos, y a trav\u00e9s de ello impulsar la econom\u00eda del sector agr\u00edcola de la regi\u00f3n.<\/span><\/p>\n<p><span style=\"font-size: 14pt;\">Es importante destacar que gracias al programa \u201cSembrando Vida\u201d, muchas familias han encontrado una fuente de ingresos con la comercializaci\u00f3n de diversos productos.<\/span><\/p>\n<div style=\"width: 800px;\" class=\"wp-video\"><video class=\"wp-video-shortcode\" id=\"video-40939-1\" width=\"800\" height=\"600\" preload=\"metadata\" controls=\"controls\"><source type=\"video\/mp4\" src=\"http:\/\/noticiasveracruz.com\/wp-content\/uploads\/2024\/09\/WhatsApp-Video-2024-09-27-at-10.18.51-1.mp4?_=1\" \/><a href=\"http:\/\/noticiasveracruz.com\/wp-content\/uploads\/2024\/09\/WhatsApp-Video-2024-09-27-at-10.18.51-1.mp4\">http:\/\/noticiasveracruz.com\/wp-content\/uploads\/2024\/09\/WhatsApp-Video-2024-09-27-at-10.18.51-1.mp4<\/a><\/video><\/div>\n","protected":false},"excerpt":{"rendered":"<p>\u2022 Habr\u00e1 venta de productos frescos del campo, bebidas y comida tradicional. \u2022 Estas actividades se realizan en el marco<\/p>\n","protected":false},"author":4,"featured_media":40940,"comment_status":"closed","ping_status":"closed","sticky":false,"template":"","format":"standard","meta":{"colormag_page_container_layout":"default_layout","colormag_page_sidebar_layout":"default_layout","_jetpack_memberships_contains_paid_content":false,"footnotes":"","jetpack_publicize_message":"","jetpack_publicize_feature_enabled":true,"jetpack_social_post_already_shared":true,"jetpack_social_options":{"image_generator_settings":{"template":"highway","default_image_id":0,"font":"","enabled":false},"version":2}},"categories":[356],"tags":[],"class_list":["post-40939","post","type-post","status-publish","format-standard","has-post-thumbnail","hentry","category-veracruz"],"jetpack_publicize_connections":[],"jetpack_featured_media_url":"https:\/\/noticiasveracruz.com\/wp-content\/uploads\/2024\/09\/858d7ad45d82ec2d717f0eaf4fa123e1_large.jpg","jetpack_sharing_enabled":true,"publishpress_future_action":{"enabled":false,"date":"2026-05-05 19:20:22","action":"change-status","newStatus":"draft","terms":[],"taxonomy":"category","extraData":[]},"publishpress_future_workflow_manual_trigger":{"enabledWorkflows":[]},"_links":{"self":[{"href":"https:\/\/noticiasveracruz.com\/index.php\/wp-json\/wp\/v2\/posts\/40939","targetHints":{"allow":["GET"]}}],"collection":[{"href":"https:\/\/noticiasveracruz.com\/index.php\/wp-json\/wp\/v2\/posts"}],"about":[{"href":"https:\/\/noticiasveracruz.com\/index.php\/wp-json\/wp\/v2\/types\/post"}],"author":[{"embeddable":true,"href":"https:\/\/noticiasveracruz.com\/index.php\/wp-json\/wp\/v2\/users\/4"}],"replies":[{"embeddable":true,"href":"https:\/\/noticiasveracruz.com\/index.php\/wp-json\/wp\/v2\/comments?post=40939"}],"version-history":[{"count":0,"href":"https:\/\/noticiasveracruz.com\/index.php\/wp-json\/wp\/v2\/posts\/40939\/revisions"}],"wp:featuredmedia":[{"embeddable":true,"href":"https:\/\/noticiasveracruz.com\/index.php\/wp-json\/wp\/v2\/media\/40940"}],"wp:attachment":[{"href":"https:\/\/noticiasveracruz.com\/index.php\/wp-json\/wp\/v2\/media?parent=40939"}],"wp:term":[{"taxonomy":"category","embeddable":true,"href":"https:\/\/noticiasveracruz.com\/index.php\/wp-json\/wp\/v2\/categories?post=40939"},{"taxonomy":"post_tag","embeddable":true,"href":"https:\/\/noticiasveracruz.com\/index.php\/wp-json\/wp\/v2\/tags?post=40939"}],"curies":[{"name":"wp","href":"https:\/\/api.w.org\/{rel}","templated":true}]}}