{"id":40936,"date":"2024-09-28T00:01:06","date_gmt":"2024-09-28T05:01:06","guid":{"rendered":"https:\/\/noticiasveracruz.com\/?p=40936"},"modified":"2024-09-27T23:55:51","modified_gmt":"2024-09-28T04:55:51","slug":"mas-de-mil-tumbas-abandonadas-en-panteones-de-tuxpan","status":"publish","type":"post","link":"https:\/\/noticiasveracruz.com\/index.php\/2024\/09\/28\/mas-de-mil-tumbas-abandonadas-en-panteones-de-tuxpan\/","title":{"rendered":"M\u00e1s de mil tumbas abandonadas en panteones de Tuxpan"},"content":{"rendered":"<p><span style=\"font-size: 14pt;\">Alrededor de mil 200 tumbas del Pante\u00f3n Jard\u00edn en Tuxpan se encuentran en una condici\u00f3n de abandono o con da\u00f1os severos, lo que representa al menos un 8 por ciento del total de espacios, mientras que en el Pante\u00f3n Galeana estas condiciones existen en cerca del 60 por ciento del total de las m\u00e1s de 2 mil tumbas.\u00a0<\/span><\/p>\n<p><span style=\"font-size: 14pt;\">Al respecto, Jorge Bautista Mart\u00ednez, Coordinador Municipal de Panteones, se\u00f1al\u00f3 que las autoridades se ven limitadas a intervenir en el mantenimiento debido a la inversi\u00f3n que representa, as\u00ed como en lotear nuevamente los espacios puesto que son vendidos a perpetuidad.<\/span><\/p>\n<p><span style=\"font-size: 14pt;\">En ese sentido, exhort\u00f3 a la poblaci\u00f3n que tiene en descuido la tumba de alg\u00fan familiar a acercarse a la Coordinaci\u00f3n de Panteones para solicitar el permiso correspondiente, el cual ser\u00e1 condonado para que lleven a cabo la reparaci\u00f3n de las gavetas.<\/span><\/p>\n","protected":false},"excerpt":{"rendered":"<p>Alrededor de mil 200 tumbas del Pante\u00f3n Jard\u00edn en Tuxpan se encuentran en una condici\u00f3n de abandono o con da\u00f1os<\/p>\n","protected":false},"author":4,"featured_media":40937,"comment_status":"closed","ping_status":"closed","sticky":false,"template":"","format":"standard","meta":{"colormag_page_container_layout":"default_layout","colormag_page_sidebar_layout":"default_layout","_jetpack_memberships_contains_paid_content":false,"footnotes":"","jetpack_publicize_message":"","jetpack_publicize_feature_enabled":true,"jetpack_social_post_already_shared":true,"jetpack_social_options":{"image_generator_settings":{"template":"highway","default_image_id":0,"font":"","enabled":false},"version":2}},"categories":[356],"tags":[],"class_list":["post-40936","post","type-post","status-publish","format-standard","has-post-thumbnail","hentry","category-veracruz"],"jetpack_publicize_connections":[],"jetpack_featured_media_url":"https:\/\/noticiasveracruz.com\/wp-content\/uploads\/2024\/09\/mas-de-mil-tumbas-abandonadas-en-panteones-de-tuxpan-554676.jpg","jetpack_sharing_enabled":true,"publishpress_future_action":{"enabled":false,"date":"2026-05-05 19:38:51","action":"change-status","newStatus":"draft","terms":[],"taxonomy":"category","extraData":[]},"publishpress_future_workflow_manual_trigger":{"enabledWorkflows":[]},"_links":{"self":[{"href":"https:\/\/noticiasveracruz.com\/index.php\/wp-json\/wp\/v2\/posts\/40936","targetHints":{"allow":["GET"]}}],"collection":[{"href":"https:\/\/noticiasveracruz.com\/index.php\/wp-json\/wp\/v2\/posts"}],"about":[{"href":"https:\/\/noticiasveracruz.com\/index.php\/wp-json\/wp\/v2\/types\/post"}],"author":[{"embeddable":true,"href":"https:\/\/noticiasveracruz.com\/index.php\/wp-json\/wp\/v2\/users\/4"}],"replies":[{"embeddable":true,"href":"https:\/\/noticiasveracruz.com\/index.php\/wp-json\/wp\/v2\/comments?post=40936"}],"version-history":[{"count":0,"href":"https:\/\/noticiasveracruz.com\/index.php\/wp-json\/wp\/v2\/posts\/40936\/revisions"}],"wp:featuredmedia":[{"embeddable":true,"href":"https:\/\/noticiasveracruz.com\/index.php\/wp-json\/wp\/v2\/media\/40937"}],"wp:attachment":[{"href":"https:\/\/noticiasveracruz.com\/index.php\/wp-json\/wp\/v2\/media?parent=40936"}],"wp:term":[{"taxonomy":"category","embeddable":true,"href":"https:\/\/noticiasveracruz.com\/index.php\/wp-json\/wp\/v2\/categories?post=40936"},{"taxonomy":"post_tag","embeddable":true,"href":"https:\/\/noticiasveracruz.com\/index.php\/wp-json\/wp\/v2\/tags?post=40936"}],"curies":[{"name":"wp","href":"https:\/\/api.w.org\/{rel}","templated":true}]}}