{"id":40928,"date":"2024-09-27T08:19:44","date_gmt":"2024-09-27T13:19:44","guid":{"rendered":"https:\/\/noticiasveracruz.com\/?p=40928"},"modified":"2024-09-27T08:19:44","modified_gmt":"2024-09-27T13:19:44","slug":"monarquia-espanola-caduca","status":"publish","type":"post","link":"https:\/\/noticiasveracruz.com\/index.php\/2024\/09\/27\/monarquia-espanola-caduca\/","title":{"rendered":"Monarqu\u00eda espa\u00f1ola caduca"},"content":{"rendered":"<p><span style=\"font-size: 14pt;\"><strong>Por \u00c1ngel \u00c1lvaro Pe\u00f1a<\/strong><\/span><\/p>\n<p><span style=\"font-size: 14pt;\">Los conservadores de mente colonizada consideran que el Presidente saliente de M\u00e9xico dej\u00f3 una asignatura pendiente la necesidad de reestablecer relaciones amistosas con Espa\u00f1a, dar por terminado el conflicto, tratar de conciliar. Pero qu\u00e9 necesidad, o m\u00e1s bien, qu\u00e9 necedad.<\/span><\/p>\n<p><span style=\"font-size: 14pt;\">En el pa\u00eds ib\u00e9rico existen 35 millones de espa\u00f1oles con derecho a voto; en M\u00e9xico votaron por Claudia Sheinbaum, un mill\u00f3n m\u00e1s de votantes, es decir, 36 millones de personas, ella no olvid\u00f3 invitar a su toma de posesi\u00f3n al representante de la monarqu\u00eda borb\u00f3nica Felipe VI, &#8211;quien llega al poder por los excesos de eventos de corrupci\u00f3n que cometi\u00f3 su padre y no tuvo m\u00e1s remedio que abdicar en su favor&#8211; sino que no consider\u00f3 congruente ni adecuado convocarlo, luego que el se\u00f1or no tuvo la educaci\u00f3n de contestar anteriores cartas del presidente Andr\u00e9s Manuel L\u00f3pez Obrador, quien le ped\u00eda ofrecer disculpas por los excesos de los colonizadores espa\u00f1oles contra los habitantes del territorio mexicano.<\/span><\/p>\n<p><span style=\"font-size: 14pt;\">Espa\u00f1a necesita m\u00e1s de M\u00e9xico que este pa\u00eds de nosotros. Aqu\u00ed un documento que da cuenta clara de ello: \u201cM\u00e9xico es el principal socio de Espa\u00f1a en Iberoam\u00e9rica. El pa\u00eds mexicano es el primer mercado para los productos espa\u00f1oles en Am\u00e9rica Latina y el quinto mercado m\u00e1s importante fuera de Europa. Por su parte, Espa\u00f1a fue el quinto mercado de exportaci\u00f3n de M\u00e9xico en el mundo en 2021, detr\u00e1s de EEUU, Canad\u00e1, China y Alemania\u201d, fragmento de un documento oficial del gobierno espa\u00f1ol.<\/span><\/p>\n<p><span style=\"font-size: 14pt;\">M\u00e9xico es la puerta de negocios con occidente; hacia el Este, Espa\u00f1a pr\u00e1cticamente no tiene comercio, la sumisi\u00f3n de todos sus gobiernos a las \u00f3rdenes de Estados Unidos, ha hecho que la OTAN invada su territorio. Los gobiernos del PSOE, &#8211;supuestamente socialistas que ahora se indignan por no invitar al monigote vestido de mu\u00f1equito de pastel&#8211;, permitieron, desde 1982, que esa organizaci\u00f3n tuviera 3 bases militares, en las cuales hay m\u00e1s de 1,300 miembros, ocupando espacios privilegiados que pudieran destinarse a fines m\u00e1s nobles.<\/span><\/p>\n<p><span style=\"font-size: 14pt;\">Adem\u00e1s, la base militar de la isla de Rota, en C\u00e1diz, comprueba la pol\u00edtica de sumisi\u00f3n de los gobiernos espa\u00f1oles hacia Estados Unidos. Esta base naval cumpli\u00f3 70 a\u00f1os en territorio espa\u00f1ol el 23 de septiembre de 2023. La instalaci\u00f3n militar caus\u00f3 indignaci\u00f3n del mundo entero, varios poetas espa\u00f1oles reclamaron la servidumbre del gobierno espa\u00f1ol, encabezado por Francisco Franco, de cuya sombra los espa\u00f1oles no han podido escapar.<\/span><\/p>\n<p><span style=\"font-size: 14pt;\">Conocidos como los Pactos de Madrid, el dictador firm\u00f3 en 1953, un acuerdo que permit\u00eda a Estados Unidos la instalaci\u00f3n de cinco bases militares en su territorio, las cuales todav\u00eda est\u00e1n trabajando en una especie de espacio regalado por los ancestros de los actuales reyes.<\/span><\/p>\n<p><span style=\"font-size: 14pt;\">Es como si record\u00e1ramos en M\u00e9xico cada una de las obras de Porfirio D\u00edaz, de quien nos hemos alejado en las ideas y en la historia, a pesar de todo.<\/span><\/p>\n<p><span style=\"font-size: 14pt;\">Recordamos que fue el \u00fanico invitado que permaneci\u00f3 sentado ante la marcha de toma de posesi\u00f3n de Gustavo Petro, en Colombia, fue el \u00fanico pat\u00e1n que se qued\u00f3 sentado, s\u00f3lo para demostrar que no estaba de acuerdo con el progresismo, causa principal del enojo de sus s\u00fabditos del PSOE. Le dio el s\u00edndrome de Norma Pi\u00f1a en Colombia, lo cual es una falta de respeto, que para hacer ese tipo de rid\u00edculos mejor no hubiera asistido.<\/span><\/p>\n<p><span style=\"font-size: 14pt;\">M\u00e9xico es el pa\u00eds m\u00e1s desarrollado de habla hispana en el mundo, lugar que ocupaba ese pa\u00eds hasta hace un par de a\u00f1os, en los cuales ni los genios de la pol\u00edtica ni reyezuelos han podido hacer flotar. Ya no son los due\u00f1os de los mares del mundo ni colonizadores de tierras lejanas ni tienen injerencia en pa\u00eds alguno fuera de sus fronteras.<\/span><\/p>\n<p><span style=\"font-size: 14pt;\">La ilusi\u00f3n en la que viven diariamente algunos mexicanos quienes consideran que los reyes pueden tener un espacio pol\u00edtico en la actualidad raya en el rid\u00edculo. M\u00e1s cercanos a la comedia que a la tragedia fueron las declaraciones de una consultora que daba a conocer que su hija hab\u00eda llorado inconsolablemente por la muerte de la reina brit\u00e1nica Isabel II, en 2022. La animadora de televisi\u00f3n es nieta de Anastacio Somoza Debayle, quien asesin\u00f3 a miles de nicarag\u00fcenses, durante su dictadura, siempre sumiso a Estados Unidos hundi\u00f3 en la miseria a Nicaragua pa\u00eds y redujo la dignidad de los nicarag\u00fcenses en beneficio de una oligarqu\u00eda, sus excesos provocaron una respuesta violenta a trav\u00e9s del Frente Sandinista de Libraci\u00f3n Nacional que triunf\u00f3 luego de una revoluci\u00f3n en 1979.<\/span><\/p>\n<p><span style=\"font-size: 14pt;\">La referencia habla del origen oscuro de un grupo radical de conservadores. Las monarqu\u00edas son reg\u00edmenes caducos, lo m\u00e1s vergonzoso es que en M\u00e9xico, un pa\u00eds que es vanguardia de la mayor\u00eda de las naciones del mundo, haya todav\u00eda quien vea como algo normal la presencia de personajes que debieron quedarse en los rincones m\u00e1s oscuros de la historia.<\/span><\/p>\n<p><span style=\"font-size: 14pt;\">Las monarqu\u00edas son corruptas por antonomasia, The Washington Post, habla as\u00ed sobre las actividades delictivas de Juan Carlos I, padre del rey desairado: \u201cCien millones de d\u00f3lares en una cuenta en un banco suizo, a nombre de una fundaci\u00f3n opaca de Panam\u00e1. Un presunto regalo de 65 millones de euros a (su novia Corinna) Larsen. Otro mill\u00f3n para otra de sus amantes, la espa\u00f1ola Marta Gay\u00e1. Transferencias millonarias de los monarcas saud\u00edes, a\u00fan no se sabe a cambio de qu\u00e9. Un lujoso \u00e1tico en Londres, regalado por el sult\u00e1n de Om\u00e1n, y que despu\u00e9s vendi\u00f3 por 62 millones \u201420 millones de los cuales no se sabe d\u00f3nde est\u00e1n\u2014. Dos millones de euros que el propio rey llev\u00f3 a Suiza en una maleta llena de billetes, seg\u00fan declar\u00f3 su contable ante la Fiscal\u00eda de Ginebra\u201d.<\/span><\/p>\n<p><span style=\"font-size: 14pt;\">M\u00e9xico es la casa de espa\u00f1oles ejemplares, en nuestro territorio tienen cabida los nobles de coraz\u00f3n y los grandes visionarios, como es el caso de Nemesio Diez, nacido en Portillo de la Reyna, Le\u00f3n, Espa\u00f1a, en 1909, fundador de la Cervecer\u00eda Modelo, precursor del deporte y uno de los espa\u00f1oles que tienen una estatua en M\u00e9xico. Actualmente el estadio de f\u00fatbol de la ciudad de Toluca lleva su nombre.<\/span><\/p>\n<p><span style=\"font-size: 14pt;\">As\u00ed como \u00e9l, M\u00e9xico recibi\u00f3 y lo sigue haciendo, a hombres y mujeres de Espa\u00f1a que hacen historia como Luis Bu\u00f1uel, Le\u00f3n Felipe, Remedios Varo, entre otros dedicados a la educaci\u00f3n, el empresariado, la ciencia, la educaci\u00f3n y la cultura.<\/span><\/p>\n<p><span style=\"font-size: 14pt;\">En M\u00e9xico quienes quieren que haya conflicto con Espa\u00f1a, ante las derrotas de todo tipo, incluyendo las electorales, quieren dejar la bronca fuerte con Espa\u00f1a, y echan le\u00f1a a la hoguera de una tensi\u00f3n internacional con el apoyo de algunos medios y de sus analistas. Quieren guerra antes que dejar ir en paz a Andr\u00e9s Manuel L\u00f3pez Obrador, a quien quieren ver sentado en un barril de p\u00f3lvora, y siguen tan campante.<\/span><\/p>\n<p><span style=\"font-size: 14pt;\">Amarran navajas infructuosamente pero no dan una. Las derrotas se les acumulan hasta multiplicarse y ellos s\u00ed muestran en sus rostros la derrota. Se trata de un incidente entre dos pa\u00edses como ha tenido Espa\u00f1a en todo el mundo. Basta recordar algunas descortes\u00edas del rey Felipe VI.<\/span><\/p>\n<p><span style=\"font-size: 14pt;\">En 2015, trat\u00f3 mal a Evo Morales en Bolivia; en marzo de 2022 lleg\u00f3 tarde a la toma de posesi\u00f3n del presidente Gabriel Boric; no asisti\u00f3 a la toma de posesi\u00f3n del presidente Luis Abinader, de Rep\u00fablica Dominicana vestido fuera del protocolo, entre otras muchas agresiones a los gobiernos de Am\u00e9rica Latina.<\/span><\/p>\n<p><span style=\"font-size: 14pt;\">Los mexicanos somos hermanos de los espa\u00f1oles, m\u00e1s all\u00e1 de las costumbres y rituales que practiquen seg\u00fan su forma de ser, su idiosincrasia y mitos.<\/span><\/p>\n<p><span style=\"font-size: 14pt;\">PEGA Y CORRE.- Junto a los padres y familiares de los estudiantes de Ayotzinapa marcharon por Avenida Reforma,\u00a0miembros de la Oficina en M\u00e9xico del Alto Comisionado de las Naciones Unidas para los Derechos Humanos y de la Comisi\u00f3n Interamericana de Derechos Humanos, esto nunca lo hicieron durante el sexenio de Pe\u00f1a Nieto que es el gobierno directamente responsable de desaparecerlos o de no investigar\u2026Esta columna se publica los lunes, mi\u00e9rcoles y viernes.<\/span><\/p>\n","protected":false},"excerpt":{"rendered":"<p>Por \u00c1ngel \u00c1lvaro Pe\u00f1a Los conservadores de mente colonizada consideran que el Presidente saliente de M\u00e9xico dej\u00f3 una asignatura pendiente<\/p>\n","protected":false},"author":4,"featured_media":38742,"comment_status":"closed","ping_status":"closed","sticky":false,"template":"","format":"standard","meta":{"colormag_page_container_layout":"default_layout","colormag_page_sidebar_layout":"default_layout","_jetpack_memberships_contains_paid_content":false,"footnotes":"","jetpack_publicize_message":"","jetpack_publicize_feature_enabled":true,"jetpack_social_post_already_shared":true,"jetpack_social_options":{"image_generator_settings":{"template":"highway","default_image_id":0,"font":"","enabled":false},"version":2}},"categories":[6],"tags":[],"class_list":["post-40928","post","type-post","status-publish","format-standard","has-post-thumbnail","hentry","category-columnistas"],"jetpack_publicize_connections":[],"jetpack_featured_media_url":"https:\/\/noticiasveracruz.com\/wp-content\/uploads\/2024\/08\/LOPEZ-DORIGA-LOGO.jpeg","jetpack_sharing_enabled":true,"publishpress_future_action":{"enabled":false,"date":"2026-05-05 20:15:34","action":"change-status","newStatus":"draft","terms":[],"taxonomy":"category","extraData":[]},"publishpress_future_workflow_manual_trigger":{"enabledWorkflows":[]},"_links":{"self":[{"href":"https:\/\/noticiasveracruz.com\/index.php\/wp-json\/wp\/v2\/posts\/40928","targetHints":{"allow":["GET"]}}],"collection":[{"href":"https:\/\/noticiasveracruz.com\/index.php\/wp-json\/wp\/v2\/posts"}],"about":[{"href":"https:\/\/noticiasveracruz.com\/index.php\/wp-json\/wp\/v2\/types\/post"}],"author":[{"embeddable":true,"href":"https:\/\/noticiasveracruz.com\/index.php\/wp-json\/wp\/v2\/users\/4"}],"replies":[{"embeddable":true,"href":"https:\/\/noticiasveracruz.com\/index.php\/wp-json\/wp\/v2\/comments?post=40928"}],"version-history":[{"count":0,"href":"https:\/\/noticiasveracruz.com\/index.php\/wp-json\/wp\/v2\/posts\/40928\/revisions"}],"wp:featuredmedia":[{"embeddable":true,"href":"https:\/\/noticiasveracruz.com\/index.php\/wp-json\/wp\/v2\/media\/38742"}],"wp:attachment":[{"href":"https:\/\/noticiasveracruz.com\/index.php\/wp-json\/wp\/v2\/media?parent=40928"}],"wp:term":[{"taxonomy":"category","embeddable":true,"href":"https:\/\/noticiasveracruz.com\/index.php\/wp-json\/wp\/v2\/categories?post=40928"},{"taxonomy":"post_tag","embeddable":true,"href":"https:\/\/noticiasveracruz.com\/index.php\/wp-json\/wp\/v2\/tags?post=40928"}],"curies":[{"name":"wp","href":"https:\/\/api.w.org\/{rel}","templated":true}]}}