{"id":40918,"date":"2024-09-27T00:57:50","date_gmt":"2024-09-27T05:57:50","guid":{"rendered":"https:\/\/noticiasveracruz.com\/?p=40918"},"modified":"2024-09-27T00:57:50","modified_gmt":"2024-09-27T05:57:50","slug":"jovenes-tuxpenos-recibieron-becas-tc-energia-como-un-reconocimiento-a-su-esfuerzo-compromiso-y-talento","status":"publish","type":"post","link":"https:\/\/noticiasveracruz.com\/index.php\/2024\/09\/27\/jovenes-tuxpenos-recibieron-becas-tc-energia-como-un-reconocimiento-a-su-esfuerzo-compromiso-y-talento\/","title":{"rendered":"J\u00f3venes tuxpe\u00f1os recibieron Becas TC Energ\u00eda, como un reconocimiento a su esfuerzo, compromiso y talento"},"content":{"rendered":"<p><span style=\"font-size: 14pt;\"><strong>\u2022 El alcalde Jos\u00e9 Manuel Pozos Castro felicit\u00f3 a todos los beneficiados por TC Energ\u00eda<\/strong><\/span><\/p>\n<p><span style=\"font-size: 14pt;\">El alcalde Jos\u00e9 Manuel Pozos Castro felicit\u00f3 a los estudiantes de Tuxpan y la regi\u00f3n que fueron beneficiados con la entrega de Becas TC Energ\u00eda.<\/span><\/p>\n<p><span style=\"font-size: 14pt;\">El presidente municipal acompa\u00f1\u00f3 en el evento de entrega a Karla Delfranci Hern\u00e1ndez, gerente Senior de Relaciones con Gobierno de TC Energ\u00eda, y a Alberto Flores, gerente de Operaciones.<\/span><\/p>\n<p><span style=\"font-size: 14pt;\">Tambi\u00e9n se cont\u00f3 con la presencia de las regidoras y los regidores Amado Guti\u00e9rrez Lima, Anah\u00ed Aguilar L\u00f3pez, Juan G\u00f3mez Garc\u00eda, Lucero Res\u00e9ndis Ambrocio, Luis Demetrio L\u00f3pez Mar\u00edn y Axel Bernal Herrera.<\/span><\/p>\n<p><span style=\"font-size: 14pt;\">\u201cEstos apoyos que recibir\u00e1n el d\u00eda de hoy representan un reconocimiento a su esfuerzo, a su disciplina, pero sobre todo a su talento. Sabemos que aprovechar\u00e1n muy bien este recurso y que muy pronto podremos ver resultados traducidos en proyectos\u201d, expres\u00f3 el alcalde Jos\u00e9 Manuel Pozos.<\/span><\/p>\n<p><span style=\"font-size: 14pt;\">Destac\u00f3 que toda inversi\u00f3n en educaci\u00f3n se traduce en desarrollo humano, bienestar y progreso, y reconoci\u00f3 a TC energ\u00eda por no solo por ser una empresa socialmente responsable, sino por apostar al futuro de los j\u00f3venes estudiantes de Tuxpan y la regi\u00f3n:<\/span><\/p>\n<p><span style=\"font-size: 14pt;\">\u201cValoro mucho su \u00e9tica empresarial, como tambi\u00e9n su pol\u00edtica de igualdad e inclusi\u00f3n al brindar importantes apoyos a mujeres y personas de comunidades ind\u00edgenas. Hoy nos unen grandes proyectos que ser\u00e1n fundamentales para el desarrollo de M\u00e9xico, y pondr\u00e1n a Tuxpan en el plano nacional por su contribuci\u00f3n a la soberan\u00eda energ\u00e9tica\u201d.<\/span><\/p>\n<p><span style=\"font-size: 14pt;\">Pozos Castro agreg\u00f3 que es momento de desarrollar a la pr\u00f3xima generaci\u00f3n de l\u00edderes y a una fuerza laboral calificada para atender las necesidades de la industria, y que para ello es importante no dejar de invertir en la educaci\u00f3n y formaci\u00f3n de las juventudes y liderazgos.<\/span><\/p>\n<p><span style=\"font-size: 14pt;\">As\u00ed mismo, pidi\u00f3 a los estudiantes y egresados tener un papel m\u00e1s activo como agentes de cambio, influyendo positivamente en el desarrollo de sus comunidades.<\/span><\/p>\n<p><span style=\"font-size: 14pt;\">Por parte de TC Energ\u00eda, Karla Delfranci Hern\u00e1ndez mencion\u00f3: \u201cMe honra formar parte de esta compa\u00f1\u00eda que tiene grandes proyectos para los j\u00f3venes y las comunidades\u201d.<\/span><\/p>\n<p><span style=\"font-size: 14pt;\">De la misma manera, agradeci\u00f3 al gobierno de Tuxpan por su colaboraci\u00f3n para la entrega de estas becas, y manifest\u00f3 su admiraci\u00f3n a las y los estudiantes que obtuvieron dicho apoyo y les pidi\u00f3 ocuparlo en algo positivo; adem\u00e1s, los exhort\u00f3 a seguir estudiando y esforz\u00e1ndose.<\/span><\/p>\n","protected":false},"excerpt":{"rendered":"<p>\u2022 El alcalde Jos\u00e9 Manuel Pozos Castro felicit\u00f3 a todos los beneficiados por TC Energ\u00eda El alcalde Jos\u00e9 Manuel Pozos<\/p>\n","protected":false},"author":4,"featured_media":40919,"comment_status":"closed","ping_status":"closed","sticky":false,"template":"","format":"standard","meta":{"colormag_page_container_layout":"default_layout","colormag_page_sidebar_layout":"default_layout","_jetpack_memberships_contains_paid_content":false,"footnotes":"","jetpack_publicize_message":"","jetpack_publicize_feature_enabled":true,"jetpack_social_post_already_shared":true,"jetpack_social_options":{"image_generator_settings":{"template":"highway","default_image_id":0,"font":"","enabled":false},"version":2}},"categories":[3372,356],"tags":[],"class_list":["post-40918","post","type-post","status-publish","format-standard","has-post-thumbnail","hentry","category-gobierno-tuxpan","category-veracruz"],"jetpack_publicize_connections":[],"jetpack_featured_media_url":"https:\/\/noticiasveracruz.com\/wp-content\/uploads\/2024\/09\/a28a51fc-cc96-4be2-a712-f8c29589a6a0.jpg","jetpack_sharing_enabled":true,"publishpress_future_action":{"enabled":false,"date":"2026-05-05 20:50:45","action":"change-status","newStatus":"draft","terms":[],"taxonomy":"category","extraData":[]},"publishpress_future_workflow_manual_trigger":{"enabledWorkflows":[]},"_links":{"self":[{"href":"https:\/\/noticiasveracruz.com\/index.php\/wp-json\/wp\/v2\/posts\/40918","targetHints":{"allow":["GET"]}}],"collection":[{"href":"https:\/\/noticiasveracruz.com\/index.php\/wp-json\/wp\/v2\/posts"}],"about":[{"href":"https:\/\/noticiasveracruz.com\/index.php\/wp-json\/wp\/v2\/types\/post"}],"author":[{"embeddable":true,"href":"https:\/\/noticiasveracruz.com\/index.php\/wp-json\/wp\/v2\/users\/4"}],"replies":[{"embeddable":true,"href":"https:\/\/noticiasveracruz.com\/index.php\/wp-json\/wp\/v2\/comments?post=40918"}],"version-history":[{"count":0,"href":"https:\/\/noticiasveracruz.com\/index.php\/wp-json\/wp\/v2\/posts\/40918\/revisions"}],"wp:featuredmedia":[{"embeddable":true,"href":"https:\/\/noticiasveracruz.com\/index.php\/wp-json\/wp\/v2\/media\/40919"}],"wp:attachment":[{"href":"https:\/\/noticiasveracruz.com\/index.php\/wp-json\/wp\/v2\/media?parent=40918"}],"wp:term":[{"taxonomy":"category","embeddable":true,"href":"https:\/\/noticiasveracruz.com\/index.php\/wp-json\/wp\/v2\/categories?post=40918"},{"taxonomy":"post_tag","embeddable":true,"href":"https:\/\/noticiasveracruz.com\/index.php\/wp-json\/wp\/v2\/tags?post=40918"}],"curies":[{"name":"wp","href":"https:\/\/api.w.org\/{rel}","templated":true}]}}