{"id":40915,"date":"2024-09-27T00:55:07","date_gmt":"2024-09-27T05:55:07","guid":{"rendered":"https:\/\/noticiasveracruz.com\/?p=40915"},"modified":"2024-09-27T00:55:07","modified_gmt":"2024-09-27T05:55:07","slug":"la-jornada-multidisciplinaria-continua-generando-bienestar-y-oportunidades-para-salir-adelante-a-mas-familias","status":"publish","type":"post","link":"https:\/\/noticiasveracruz.com\/index.php\/2024\/09\/27\/la-jornada-multidisciplinaria-continua-generando-bienestar-y-oportunidades-para-salir-adelante-a-mas-familias\/","title":{"rendered":"La Jornada Multidisciplinaria contin\u00faa generando bienestar y oportunidades para salir adelante a m\u00e1s familias"},"content":{"rendered":"<p><span style=\"font-size: 14pt;\">Con enorme aceptaci\u00f3n por parte de la ciudadan\u00eda se llev\u00f3 a cabo la Jornada Multidisciplinaria que realiza la sindicatura \u00fanica del Gobierno de Tuxpan, a cargo de la Mtra. Beatriz Pi\u00f1a Vergara.<\/span><\/p>\n<p><span style=\"font-size: 14pt;\">La edil estuvo presente para invitar a la poblaci\u00f3n a que se siga acercando a estas campa\u00f1as que se realizan todos los jueves, de 10:00 a 15:00 horas, en la planta baja de presidencia municipal.<\/span><\/p>\n<p><span style=\"font-size: 14pt;\">Dentro de los servicios de salud que se brindaron sin costo, el Grupo \u00d3ptico del Totonacapan atendi\u00f3 con valoraciones visuales para detectar defectos de la vista; al mismo tiempo, ofreci\u00f3 la adquisici\u00f3n a bajo costo de lentes graduados de excelente calidad y con una gran variedad de armazones.<\/span><\/p>\n<p><span style=\"font-size: 14pt;\">Por otra parte, estilistas profesionales del Instituto de Belleza \u201cThe Queens\u201d realizaron gratuitamente cortes de cabello.<\/span><\/p>\n<p><span style=\"font-size: 14pt;\">Y como un apoyo a las mujeres tuxpe\u00f1as, la fundaci\u00f3n \u201cSin Miedo a Trabajar Contigo\u201d dio continuidad al taller \u201cFlores Eternas\u201d, donde aprenden a elaborar una gran variedad de art\u00edculos con list\u00f3n, d\u00e1ndoles la oportunidad tener un emprendimiento propio y generar ingresos para sus familias.<\/span><\/p>\n","protected":false},"excerpt":{"rendered":"<p>Con enorme aceptaci\u00f3n por parte de la ciudadan\u00eda se llev\u00f3 a cabo la Jornada Multidisciplinaria que realiza la sindicatura \u00fanica<\/p>\n","protected":false},"author":4,"featured_media":40916,"comment_status":"closed","ping_status":"closed","sticky":false,"template":"","format":"standard","meta":{"colormag_page_container_layout":"default_layout","colormag_page_sidebar_layout":"default_layout","_jetpack_memberships_contains_paid_content":false,"footnotes":"","jetpack_publicize_message":"","jetpack_publicize_feature_enabled":true,"jetpack_social_post_already_shared":true,"jetpack_social_options":{"image_generator_settings":{"template":"highway","default_image_id":0,"font":"","enabled":false},"version":2}},"categories":[3372,356],"tags":[],"class_list":["post-40915","post","type-post","status-publish","format-standard","has-post-thumbnail","hentry","category-gobierno-tuxpan","category-veracruz"],"jetpack_publicize_connections":[],"jetpack_featured_media_url":"https:\/\/noticiasveracruz.com\/wp-content\/uploads\/2024\/09\/d6a58f77-4957-4a29-9197-c77e0140b225.jpg","jetpack_sharing_enabled":true,"publishpress_future_action":{"enabled":false,"date":"2026-05-05 21:08:56","action":"change-status","newStatus":"draft","terms":[],"taxonomy":"category","extraData":[]},"publishpress_future_workflow_manual_trigger":{"enabledWorkflows":[]},"_links":{"self":[{"href":"https:\/\/noticiasveracruz.com\/index.php\/wp-json\/wp\/v2\/posts\/40915","targetHints":{"allow":["GET"]}}],"collection":[{"href":"https:\/\/noticiasveracruz.com\/index.php\/wp-json\/wp\/v2\/posts"}],"about":[{"href":"https:\/\/noticiasveracruz.com\/index.php\/wp-json\/wp\/v2\/types\/post"}],"author":[{"embeddable":true,"href":"https:\/\/noticiasveracruz.com\/index.php\/wp-json\/wp\/v2\/users\/4"}],"replies":[{"embeddable":true,"href":"https:\/\/noticiasveracruz.com\/index.php\/wp-json\/wp\/v2\/comments?post=40915"}],"version-history":[{"count":0,"href":"https:\/\/noticiasveracruz.com\/index.php\/wp-json\/wp\/v2\/posts\/40915\/revisions"}],"wp:featuredmedia":[{"embeddable":true,"href":"https:\/\/noticiasveracruz.com\/index.php\/wp-json\/wp\/v2\/media\/40916"}],"wp:attachment":[{"href":"https:\/\/noticiasveracruz.com\/index.php\/wp-json\/wp\/v2\/media?parent=40915"}],"wp:term":[{"taxonomy":"category","embeddable":true,"href":"https:\/\/noticiasveracruz.com\/index.php\/wp-json\/wp\/v2\/categories?post=40915"},{"taxonomy":"post_tag","embeddable":true,"href":"https:\/\/noticiasveracruz.com\/index.php\/wp-json\/wp\/v2\/tags?post=40915"}],"curies":[{"name":"wp","href":"https:\/\/api.w.org\/{rel}","templated":true}]}}