{"id":40912,"date":"2024-09-27T00:53:43","date_gmt":"2024-09-27T05:53:43","guid":{"rendered":"https:\/\/noticiasveracruz.com\/?p=40912"},"modified":"2024-09-27T00:53:43","modified_gmt":"2024-09-27T05:53:43","slug":"afectados-300-productores-de-maiz-por-condiciones-meteorologicas-en-tuxpan","status":"publish","type":"post","link":"https:\/\/noticiasveracruz.com\/index.php\/2024\/09\/27\/afectados-300-productores-de-maiz-por-condiciones-meteorologicas-en-tuxpan\/","title":{"rendered":"Afectados 300 productores de ma\u00edz por condiciones meteorol\u00f3gicas en Tuxpan"},"content":{"rendered":"<p><span style=\"font-size: 14pt;\">Aproximadamente 300 productores de ma\u00edz en Tuxpan se vieron afectados tras la llegada de algunas precipitaciones en la temporada, derivando en perdidas de entre 20 a 30 mil pesos por hect\u00e1rea perdida.<\/span><\/p>\n<p><span style=\"font-size: 14pt;\">Edmundo Crist\u00f3bal Cruz, Director de Desarrollo Agropecuario, Forestal y Pesca, se\u00f1al\u00f3 que por parte de tal dependencia contin\u00faan haciendo las gestiones ante la SEDARPA a nivel estatal para que los productores afectados puedan recibir un apoyo proveniente del seguro catastr\u00f3fico.<\/span><\/p>\n<p><span style=\"font-size: 14pt;\">Coment\u00f3 que las mayores afectaciones se presentaron en la ruta denominada Para\u00edso -Tebanco que va desde la Localidad de Santiago de la Pe\u00f1a, hasta la Localidad del Salto de la Reforma donde algunos productores tuvieron perdidas casi totales en sus siembras.\u00a0<\/span><\/p>\n<p><span style=\"font-size: 14pt;\">Finalmente indic\u00f3 que actualmente se encuentran a la espera de obtener respuesta por parte de las autoridades estatales sobre el apoyo social que solicitaron para los productores.\u00a0<\/span><\/p>\n","protected":false},"excerpt":{"rendered":"<p>Aproximadamente 300 productores de ma\u00edz en Tuxpan se vieron afectados tras la llegada de algunas precipitaciones en la temporada, derivando<\/p>\n","protected":false},"author":4,"featured_media":40913,"comment_status":"closed","ping_status":"closed","sticky":false,"template":"","format":"standard","meta":{"colormag_page_container_layout":"default_layout","colormag_page_sidebar_layout":"default_layout","_jetpack_memberships_contains_paid_content":false,"footnotes":"","jetpack_publicize_message":"","jetpack_publicize_feature_enabled":true,"jetpack_social_post_already_shared":true,"jetpack_social_options":{"image_generator_settings":{"template":"highway","default_image_id":0,"font":"","enabled":false},"version":2}},"categories":[356],"tags":[],"class_list":["post-40912","post","type-post","status-publish","format-standard","has-post-thumbnail","hentry","category-veracruz"],"jetpack_publicize_connections":[],"jetpack_featured_media_url":"https:\/\/noticiasveracruz.com\/wp-content\/uploads\/2024\/09\/afectados-300-productores-de-maiz-por-condiciones-meteorologicas-en-tuxpan-554411.jpg","jetpack_sharing_enabled":true,"publishpress_future_action":{"enabled":false,"date":"2026-05-06 07:04:05","action":"change-status","newStatus":"draft","terms":[],"taxonomy":"category","extraData":[]},"publishpress_future_workflow_manual_trigger":{"enabledWorkflows":[]},"_links":{"self":[{"href":"https:\/\/noticiasveracruz.com\/index.php\/wp-json\/wp\/v2\/posts\/40912","targetHints":{"allow":["GET"]}}],"collection":[{"href":"https:\/\/noticiasveracruz.com\/index.php\/wp-json\/wp\/v2\/posts"}],"about":[{"href":"https:\/\/noticiasveracruz.com\/index.php\/wp-json\/wp\/v2\/types\/post"}],"author":[{"embeddable":true,"href":"https:\/\/noticiasveracruz.com\/index.php\/wp-json\/wp\/v2\/users\/4"}],"replies":[{"embeddable":true,"href":"https:\/\/noticiasveracruz.com\/index.php\/wp-json\/wp\/v2\/comments?post=40912"}],"version-history":[{"count":0,"href":"https:\/\/noticiasveracruz.com\/index.php\/wp-json\/wp\/v2\/posts\/40912\/revisions"}],"wp:featuredmedia":[{"embeddable":true,"href":"https:\/\/noticiasveracruz.com\/index.php\/wp-json\/wp\/v2\/media\/40913"}],"wp:attachment":[{"href":"https:\/\/noticiasveracruz.com\/index.php\/wp-json\/wp\/v2\/media?parent=40912"}],"wp:term":[{"taxonomy":"category","embeddable":true,"href":"https:\/\/noticiasveracruz.com\/index.php\/wp-json\/wp\/v2\/categories?post=40912"},{"taxonomy":"post_tag","embeddable":true,"href":"https:\/\/noticiasveracruz.com\/index.php\/wp-json\/wp\/v2\/tags?post=40912"}],"curies":[{"name":"wp","href":"https:\/\/api.w.org\/{rel}","templated":true}]}}