{"id":40906,"date":"2024-09-27T00:48:18","date_gmt":"2024-09-27T05:48:18","guid":{"rendered":"https:\/\/noticiasveracruz.com\/?p=40906"},"modified":"2024-09-27T00:48:18","modified_gmt":"2024-09-27T05:48:18","slug":"libia-dennise-garcia-asume-como-primera-gobernadora-de-guanajuato","status":"publish","type":"post","link":"https:\/\/noticiasveracruz.com\/index.php\/2024\/09\/27\/libia-dennise-garcia-asume-como-primera-gobernadora-de-guanajuato\/","title":{"rendered":"Libia Dennise Garc\u00eda asume como primera gobernadora de Guanajuato"},"content":{"rendered":"<div>\n<div id=\"content-body-225-12617989\">\n<p><span style=\"font-size: 14pt;\">Libia Dennisse Garc\u00eda Mu\u00f1oz Ledo\u00a0tom\u00f3 protesta al cargo como\u00a0gobernadora de Guanajuato, convirti\u00e9ndose en la\u00a0primera mujer\u00a0a cargo del\u00a0Poder Ejecutivo estatal.<\/span><\/p>\n<p><span style=\"font-size: 14pt;\">En\u00a0sesi\u00f3n solemne del Congreso, la mandataria estatal estuvo acompa\u00f1ada de su\u00a0Gabinete Legal\u00a0y ampliado, as\u00ed como de\u00a0exgobernadores\u00a0como Miguel M\u00e1rquez, Vicente Fox, Carlos Medina Plasencia, H\u00e9ctor L\u00f3pez Santillana y Juan Manuel Oliva.<\/span><\/p>\n<\/div>\n<\/div>\n<div>\n<div id=\"dfp-nota-1x3s\" data-google-query-id=\"CKf77ZK24ogDFRQMtAMd5kQNDg\">\n<div id=\"google_ads_iframe_\/2000002\/la-prensa\/mexico_nota_1x3_0__container__\">\n<div id=\"inArticle_1\">\n<div>\n<div>\n<div>\n<div><span style=\"font-size: 14pt;\">Adem\u00e1s, estuvieron presentes Mar\u00eda Teresa M\u00e9ndez\u00a0y\u00a0Alfredo Ram\u00edrez Bedolla, gobernadores de Aguascalientes y Michoac\u00e1n respectivamente. Asimismo estuvo el dirigente nacional del PAN\u00a0Marlo Cort\u00e9s, as\u00ed como\u00a0alcaldes electos\u00a0del estado.<\/span><\/div>\n<\/div>\n<\/div>\n<\/div>\n<\/div>\n<\/div>\n<\/div>\n<\/div>\n","protected":false},"excerpt":{"rendered":"<p>Libia Dennisse Garc\u00eda Mu\u00f1oz Ledo\u00a0tom\u00f3 protesta al cargo como\u00a0gobernadora de Guanajuato, convirti\u00e9ndose en la\u00a0primera mujer\u00a0a cargo del\u00a0Poder Ejecutivo estatal. En\u00a0sesi\u00f3n<\/p>\n","protected":false},"author":4,"featured_media":40907,"comment_status":"closed","ping_status":"closed","sticky":false,"template":"","format":"standard","meta":{"colormag_page_container_layout":"default_layout","colormag_page_sidebar_layout":"default_layout","_jetpack_memberships_contains_paid_content":false,"footnotes":"","jetpack_publicize_message":"","jetpack_publicize_feature_enabled":true,"jetpack_social_post_already_shared":true,"jetpack_social_options":{"image_generator_settings":{"template":"highway","default_image_id":0,"font":"","enabled":false},"version":2}},"categories":[4],"tags":[],"class_list":["post-40906","post","type-post","status-publish","format-standard","has-post-thumbnail","hentry","category-nacional"],"jetpack_publicize_connections":[],"jetpack_featured_media_url":"https:\/\/noticiasveracruz.com\/wp-content\/uploads\/2024\/09\/Asume-Libia-Denisse-Garcia-como-primera-gobernadora-de-Guanajuato.jpg","jetpack_sharing_enabled":true,"publishpress_future_action":{"enabled":false,"date":"2026-05-05 21:58:31","action":"change-status","newStatus":"draft","terms":[],"taxonomy":"category","extraData":[]},"publishpress_future_workflow_manual_trigger":{"enabledWorkflows":[]},"_links":{"self":[{"href":"https:\/\/noticiasveracruz.com\/index.php\/wp-json\/wp\/v2\/posts\/40906","targetHints":{"allow":["GET"]}}],"collection":[{"href":"https:\/\/noticiasveracruz.com\/index.php\/wp-json\/wp\/v2\/posts"}],"about":[{"href":"https:\/\/noticiasveracruz.com\/index.php\/wp-json\/wp\/v2\/types\/post"}],"author":[{"embeddable":true,"href":"https:\/\/noticiasveracruz.com\/index.php\/wp-json\/wp\/v2\/users\/4"}],"replies":[{"embeddable":true,"href":"https:\/\/noticiasveracruz.com\/index.php\/wp-json\/wp\/v2\/comments?post=40906"}],"version-history":[{"count":0,"href":"https:\/\/noticiasveracruz.com\/index.php\/wp-json\/wp\/v2\/posts\/40906\/revisions"}],"wp:featuredmedia":[{"embeddable":true,"href":"https:\/\/noticiasveracruz.com\/index.php\/wp-json\/wp\/v2\/media\/40907"}],"wp:attachment":[{"href":"https:\/\/noticiasveracruz.com\/index.php\/wp-json\/wp\/v2\/media?parent=40906"}],"wp:term":[{"taxonomy":"category","embeddable":true,"href":"https:\/\/noticiasveracruz.com\/index.php\/wp-json\/wp\/v2\/categories?post=40906"},{"taxonomy":"post_tag","embeddable":true,"href":"https:\/\/noticiasveracruz.com\/index.php\/wp-json\/wp\/v2\/tags?post=40906"}],"curies":[{"name":"wp","href":"https:\/\/api.w.org\/{rel}","templated":true}]}}