{"id":40900,"date":"2024-09-27T00:44:47","date_gmt":"2024-09-27T05:44:47","guid":{"rendered":"https:\/\/noticiasveracruz.com\/?p=40900"},"modified":"2024-09-27T00:44:47","modified_gmt":"2024-09-27T05:44:47","slug":"usted-nos-traiciono-padres-de-los-43-de-ayotzinapa-reclaman-a-amlo-por-proteger-al-ejercito","status":"publish","type":"post","link":"https:\/\/noticiasveracruz.com\/index.php\/2024\/09\/27\/usted-nos-traiciono-padres-de-los-43-de-ayotzinapa-reclaman-a-amlo-por-proteger-al-ejercito\/","title":{"rendered":"Usted nos traicion\u00f3: padres de los 43 de Ayotzinapa reclaman a AMLO por proteger al Ej\u00e9rcito"},"content":{"rendered":"<p><span style=\"font-size: 14pt;\">Los padres y madres de los\u00a043 normalistas de Ayotzinapa\u00a0reclamaron al presidente\u00a0Andr\u00e9s Manuel L\u00f3pez Obrador\u00a0la protecci\u00f3n al\u00a0Ej\u00e9rcito\u00a0en las investigaciones del caso.<\/span><\/p>\n<p><span style=\"font-size: 14pt;\">En el discurso por los\u00a010 a\u00f1os de la desaparici\u00f3n de sus hijos, los padres y madres advirtieron que\u00a0no dar\u00e1n tanto tiempo al gobierno de Claudia Sheinbaum\u00a0para dar con el paradero de los normalistas.<\/span><\/p>\n<p><span style=\"font-size: 14pt;\">\u201cSe\u00f1or presidente, no nos hagamos tontos.\u00a0Usted sabe perfectamente bien qui\u00e9n fue el que particip\u00f3 masivamente en el ataque cobarde hacia nuestros hijos, que fue el\u00a0Ej\u00e9rcito. Usted lo sabe y desafortunadamente\u00a0se puso del lado de la traici\u00f3n, porque no nada m\u00e1s traicion\u00f3 usted a estos 43 padres de familia, sino a todo un pueblo mexicano sediento de justicia y de saber la verdad\u201d, acus\u00f3\u00a0Mario Gonz\u00e1lez, padre del joven normalista C\u00e9sar Manuel Gonz\u00e1lez.<\/span><\/p>\n<p><span style=\"font-size: 14pt;\">\u201cDecir tambi\u00e9n que el gobierno entrante, si piensa hacer esto, nosotros vamos a seguir luchando\u00a0y decirle que no le vamos a dar tanto tiempo como se lo dimos a este personaje que desafortunadamente nos traicion\u00f3\u201d, advirti\u00f3 el padre.<\/span><\/p>\n","protected":false},"excerpt":{"rendered":"<p>Los padres y madres de los\u00a043 normalistas de Ayotzinapa\u00a0reclamaron al presidente\u00a0Andr\u00e9s Manuel L\u00f3pez Obrador\u00a0la protecci\u00f3n al\u00a0Ej\u00e9rcito\u00a0en las investigaciones del caso.<\/p>\n","protected":false},"author":4,"featured_media":40901,"comment_status":"closed","ping_status":"closed","sticky":false,"template":"","format":"standard","meta":{"colormag_page_container_layout":"default_layout","colormag_page_sidebar_layout":"default_layout","_jetpack_memberships_contains_paid_content":false,"footnotes":"","jetpack_publicize_message":"","jetpack_publicize_feature_enabled":true,"jetpack_social_post_already_shared":true,"jetpack_social_options":{"image_generator_settings":{"template":"highway","default_image_id":0,"font":"","enabled":false},"version":2}},"categories":[4],"tags":[],"class_list":["post-40900","post","type-post","status-publish","format-standard","has-post-thumbnail","hentry","category-nacional"],"jetpack_publicize_connections":[],"jetpack_featured_media_url":"https:\/\/noticiasveracruz.com\/wp-content\/uploads\/2024\/09\/Mitin-de-los-padres-de-los-43-de-Ayotzinapa-en-el-Zocalo.png","jetpack_sharing_enabled":true,"publishpress_future_action":{"enabled":false,"date":"2026-05-05 22:19:32","action":"change-status","newStatus":"draft","terms":[],"taxonomy":"category","extraData":[]},"publishpress_future_workflow_manual_trigger":{"enabledWorkflows":[]},"_links":{"self":[{"href":"https:\/\/noticiasveracruz.com\/index.php\/wp-json\/wp\/v2\/posts\/40900","targetHints":{"allow":["GET"]}}],"collection":[{"href":"https:\/\/noticiasveracruz.com\/index.php\/wp-json\/wp\/v2\/posts"}],"about":[{"href":"https:\/\/noticiasveracruz.com\/index.php\/wp-json\/wp\/v2\/types\/post"}],"author":[{"embeddable":true,"href":"https:\/\/noticiasveracruz.com\/index.php\/wp-json\/wp\/v2\/users\/4"}],"replies":[{"embeddable":true,"href":"https:\/\/noticiasveracruz.com\/index.php\/wp-json\/wp\/v2\/comments?post=40900"}],"version-history":[{"count":0,"href":"https:\/\/noticiasveracruz.com\/index.php\/wp-json\/wp\/v2\/posts\/40900\/revisions"}],"wp:featuredmedia":[{"embeddable":true,"href":"https:\/\/noticiasveracruz.com\/index.php\/wp-json\/wp\/v2\/media\/40901"}],"wp:attachment":[{"href":"https:\/\/noticiasveracruz.com\/index.php\/wp-json\/wp\/v2\/media?parent=40900"}],"wp:term":[{"taxonomy":"category","embeddable":true,"href":"https:\/\/noticiasveracruz.com\/index.php\/wp-json\/wp\/v2\/categories?post=40900"},{"taxonomy":"post_tag","embeddable":true,"href":"https:\/\/noticiasveracruz.com\/index.php\/wp-json\/wp\/v2\/tags?post=40900"}],"curies":[{"name":"wp","href":"https:\/\/api.w.org\/{rel}","templated":true}]}}