{"id":4090,"date":"2022-05-09T00:29:31","date_gmt":"2022-05-09T05:29:31","guid":{"rendered":"https:\/\/noticiasveracruz.com\/?p=4090"},"modified":"2022-05-09T00:29:31","modified_gmt":"2022-05-09T05:29:31","slug":"presidente-reafirma-llamado-a-levantar-bloqueo-contra-cuba","status":"publish","type":"post","link":"https:\/\/noticiasveracruz.com\/index.php\/2022\/05\/09\/presidente-reafirma-llamado-a-levantar-bloqueo-contra-cuba\/","title":{"rendered":"Presidente reafirma llamado a levantar bloqueo contra Cuba"},"content":{"rendered":"<p class=\"p1\"><span style=\"font-size: 14pt;\"><em><strong><img loading=\"lazy\" decoding=\"async\" class=\"alignleft wp-image-4003\" src=\"http:\/\/noticiasveracruz.com\/wp-content\/uploads\/2022\/05\/IDENTIFICATIVO-AMLO-300x167.png\" alt=\"\" width=\"150\" height=\"83\" srcset=\"https:\/\/noticiasveracruz.com\/wp-content\/uploads\/2022\/05\/IDENTIFICATIVO-AMLO-300x167.png 300w, https:\/\/noticiasveracruz.com\/wp-content\/uploads\/2022\/05\/IDENTIFICATIVO-AMLO-1024x569.png 1024w, https:\/\/noticiasveracruz.com\/wp-content\/uploads\/2022\/05\/IDENTIFICATIVO-AMLO-768x427.png 768w, https:\/\/noticiasveracruz.com\/wp-content\/uploads\/2022\/05\/IDENTIFICATIVO-AMLO-1536x853.png 1536w, https:\/\/noticiasveracruz.com\/wp-content\/uploads\/2022\/05\/IDENTIFICATIVO-AMLO-800x445.png 800w, https:\/\/noticiasveracruz.com\/wp-content\/uploads\/2022\/05\/IDENTIFICATIVO-AMLO-600x333.png 600w, https:\/\/noticiasveracruz.com\/wp-content\/uploads\/2022\/05\/IDENTIFICATIVO-AMLO.png 1800w\" sizes=\"auto, (max-width: 150px) 100vw, 150px\" \/>La Habana.<\/strong> <\/em>El <strong>presidente Andr\u00e9s Manuel L\u00f3pez Obrador<\/strong> concluy\u00f3 la gira de trabajo en Centroam\u00e9rica y el Caribe realizando <strong>su primera visita oficial a Cuba<\/strong>, donde <strong>reiter\u00f3 que seguir\u00e1 buscando alternativas para que Estados Unidos levante el bloqueo comercial, econ\u00f3mico y financiero a la isla.<\/strong><\/span><\/p>\n<blockquote>\n<p class=\"p1\"><span style=\"font-size: 14pt;\">Insistir\u00e9 con el presidente Biden en que no se excluya a ning\u00fan pa\u00eds de Am\u00e9rica en la Cumbre del mes pr\u00f3ximo a celebrarse en Los \u00c1ngeles, California, y que las autoridades de cada pa\u00eds decidan libremente si asisten o no a dicho encuentro, pero que nadie excluya a nadie\u201d<\/span><\/p>\n<\/blockquote>\n<p class=\"p1\"><span style=\"font-size: 14pt;\">El mandatario mexicano junto a su hom\u00f3logo Miguel D\u00edaz-Canel Berm\u00fadez, sostuvo que es posible restablecer las relaciones de colaboraci\u00f3n y amistad entre los pueblos del continente.<\/span><\/p>\n<p><img loading=\"lazy\" decoding=\"async\" class=\"aligncenter wp-image-4991 size-large\" src=\"https:\/\/politicosaldesnudo.com.mx\/wp-content\/uploads\/2022\/05\/P-CUBA4-1024x573.png\" alt=\"\" width=\"800\" height=\"448\" \/><\/p>\n<p>&nbsp;<\/p>\n<blockquote>\n<p class=\"p1\"><span style=\"font-size: 14pt;\">Es tiempo de expresar y de explorar otra opci\u00f3n: la del di\u00e1logo con los gobernantes estadounidenses; convencerlos y persuadirlos de que una nueva relaci\u00f3n entre los pa\u00edses de Am\u00e9rica, de toda Am\u00e9rica es posible\u201d, expres\u00f3 en el Palacio de la Revoluci\u00f3n en La Habana.<\/span><\/p>\n<p class=\"p1\"><span style=\"font-size: 14pt;\">Ya es tiempo de la hermandad y no de la confrontaci\u00f3n. (\u2026) Es el momento de una nueva convivencia entre todos los pa\u00edses de Am\u00e9rica porque el modelo impuesto hace m\u00e1s de dos siglos est\u00e1 agotado, no tiene futuro ni salida y ya no beneficia a nadie\u201d, agreg\u00f3.<\/span><\/p>\n<\/blockquote>\n<p>&nbsp;<\/p>\n<p class=\"p1\"><strong><span style=\"font-size: 18pt;\">NUEVA VISI\u00d3N POL\u00cdTICA<\/span><\/strong><\/p>\n<p class=\"p1\"><span style=\"font-size: 14pt;\">L\u00f3pez Obrador reafirm\u00f3 su postura de mantener el di\u00e1logo entre las naciones y la necesidad de construir una integraci\u00f3n continental semejante a la Uni\u00f3n Europea con una nueva visi\u00f3n pol\u00edtica y econ\u00f3mica apegada a la historia e identidades de la regi\u00f3n.<\/span><\/p>\n<p>&nbsp;<\/p>\n<p class=\"p1\"><strong><span style=\"font-size: 18pt;\">Am\u00e9rica, dijo, debe tomar acciones en beneficio de la competencia y del desarrollo a trav\u00e9s de sus propios recursos.<\/span><\/strong><\/p>\n<p>&nbsp;<\/p>\n<blockquote>\n<p class=\"p1\"><span style=\"font-size: 14pt;\">Si la tendencia econ\u00f3mica y comercial de las \u00faltimas tres d\u00e9cadas se mantiene, (\u2026) en otros treinta a\u00f1os, para el 2051, China tendr\u00eda el dominio del 64.8 por ciento en el mercado mundial y Estados Unidos solo entre el 4 y hasta el 10 por ciento, lo cual, insisto, ser\u00eda una desproporci\u00f3n econ\u00f3mica y comercial\u201d, explic\u00f3.<\/span><\/p>\n<\/blockquote>\n<p>&nbsp;<\/p>\n<p><img loading=\"lazy\" decoding=\"async\" class=\"aligncenter wp-image-4988 size-large\" src=\"https:\/\/politicosaldesnudo.com.mx\/wp-content\/uploads\/2022\/05\/P-CUBA1-1024x573.png\" alt=\"\" width=\"800\" height=\"448\" \/><\/p>\n<p>&nbsp;<\/p>\n<p class=\"p1\"><span style=\"font-size: 18pt;\"><strong>Asegur\u00f3 que la integraci\u00f3n con respeto a las soberan\u00edas beneficiar\u00e1 a todas las naciones.<\/strong><\/span><\/p>\n<p>&nbsp;<\/p>\n<blockquote>\n<p class=\"p1\"><span style=\"font-size: 14pt;\">Es la salida m\u00e1s eficaz y responsable frente a la fuerte competencia que existe, que se acrecentar\u00e1 con el tiempo y que si no hacemos nada para unirnos, fortalecernos y salir victoriosos en buena lid, llevar\u00e1 de manera inevitable al declive de todas las Am\u00e9ricas\u201d, advirti\u00f3.<\/span><\/p>\n<\/blockquote>\n<p>&nbsp;<\/p>\n<p class=\"p1\"><strong><span style=\"font-size: 18pt;\">El presidente destac\u00f3 que a M\u00e9xico y Cuba los une la historia pol\u00edtica y la cooperaci\u00f3n; al mismo tiempo resalt\u00f3 el legado de la Revoluci\u00f3n cubana.<\/span><\/strong><\/p>\n<p>&nbsp;<\/p>\n<blockquote>\n<p class=\"p1\"><span style=\"font-size: 14pt;\">\u201cEl retroceso es decadencia y desolaci\u00f3n, es asunto de poder y no de humanidad. Prefiero seguir manteniendo la esperanza de que la revoluci\u00f3n renace en la revoluci\u00f3n\u201d, asever\u00f3.<\/span><\/p>\n<\/blockquote>\n<p class=\"p1\"><span style=\"font-size: 14pt;\">Tras las reuniones privada y ampliada con las comitivas, los presidentes de M\u00e9xico y Cuba firmaron una declaraci\u00f3n para el fortalecimiento de los v\u00ednculos hist\u00f3ricos de colaboraci\u00f3n, adem\u00e1s de promover el desarrollo de actividades sociales, econ\u00f3micas, culturales, educativas y comerciales.<\/span><\/p>\n<p class=\"p1\"><span style=\"font-size: 14pt;\">Tambi\u00e9n atestiguaron la r\u00fabrica del acuerdo de cooperaci\u00f3n por parte del secretario de Salud, Jorge Alcocer Varela y el Ministro de Salud P\u00fablica de Cuba, Jos\u00e9 \u00c1ngel Portal Miranda, cuyo objetivo es intensificar acciones sanitarias y capacitaci\u00f3n en la materia.<\/span><\/p>\n<p class=\"p1\"><strong><span style=\"font-size: 14pt;\">El presidente de Cuba, Miguel Diaz-Canel Berm\u00fadez, agradeci\u00f3 la voluntad del Gobierno de M\u00e9xico de estrechar relaciones hist\u00f3ricas bilaterales.<\/span><\/strong><\/p>\n<p class=\"p1\"><span style=\"font-size: 14pt;\">Reconoci\u00f3 el planteamiento del presidente L\u00f3pez Obrador respecto a integrar Am\u00e9rica a trav\u00e9s de la soberan\u00eda y el respeto entre los Estados.<\/span><\/p>\n<p class=\"p1\"><span style=\"font-size: 14pt;\">Mencion\u00f3 que la revoluci\u00f3n cubana continuar\u00e1 su marcha por la esperanza y el futuro del pa\u00eds.<\/span><\/p>\n<p>&nbsp;<\/p>\n<p><img loading=\"lazy\" decoding=\"async\" class=\"aligncenter wp-image-4990 size-large\" src=\"https:\/\/politicosaldesnudo.com.mx\/wp-content\/uploads\/2022\/05\/P-CUBA3-1024x573.png\" alt=\"\" width=\"800\" height=\"448\" \/><\/p>\n<p>&nbsp;<\/p>\n<p class=\"p1\"><span style=\"font-size: 18pt;\"><strong>El presidente L\u00f3pez Obrador recibi\u00f3 la Condecoraci\u00f3n Orden Jos\u00e9 Mart\u00ed, m\u00e1xima distinci\u00f3n que otorga el gobierno de Cuba. Adem\u00e1s, como parte de sus actividades, el jefe del Ejecutivo coloc\u00f3 una ofrenda floral ante el monumento al libertador y firm\u00f3 el Libro de Honor.<\/strong><\/span><\/p>\n<p>&nbsp;<\/p>\n<p><img loading=\"lazy\" decoding=\"async\" class=\"aligncenter wp-image-4992 size-large\" src=\"https:\/\/politicosaldesnudo.com.mx\/wp-content\/uploads\/2022\/05\/P-CUBA7-1024x573.png\" alt=\"\" width=\"800\" height=\"448\" \/><\/p>\n<p>&nbsp;<\/p>\n<p>&nbsp;<\/p>\n<p>&nbsp;<\/p>\n<p>&nbsp;<\/p>\n","protected":false},"excerpt":{"rendered":"<p>La Habana. El presidente Andr\u00e9s Manuel L\u00f3pez Obrador concluy\u00f3 la gira de trabajo en Centroam\u00e9rica y el Caribe realizando su<\/p>\n","protected":false},"author":4,"featured_media":4092,"comment_status":"closed","ping_status":"closed","sticky":false,"template":"","format":"standard","meta":{"colormag_page_container_layout":"default_layout","colormag_page_sidebar_layout":"default_layout","_jetpack_memberships_contains_paid_content":false,"footnotes":"","jetpack_publicize_message":"","jetpack_publicize_feature_enabled":true,"jetpack_social_post_already_shared":false,"jetpack_social_options":{"image_generator_settings":{"template":"highway","default_image_id":0,"font":"","enabled":false},"version":2}},"categories":[4],"tags":[65,629,372,628],"class_list":["post-4090","post","type-post","status-publish","format-standard","has-post-thumbnail","hentry","category-nacional","tag-andres-manuel-lopez-obrador","tag-bloqueo","tag-cuba","tag-miguel-diaz-canel-bermudez"],"jetpack_publicize_connections":[],"jetpack_featured_media_url":"https:\/\/noticiasveracruz.com\/wp-content\/uploads\/2022\/05\/P-CUBA2.png","jetpack_sharing_enabled":true,"publishpress_future_action":{"enabled":false,"date":"2026-05-07 23:40:11","action":"change-status","newStatus":"draft","terms":[],"taxonomy":"category","extraData":[]},"publishpress_future_workflow_manual_trigger":{"enabledWorkflows":[]},"_links":{"self":[{"href":"https:\/\/noticiasveracruz.com\/index.php\/wp-json\/wp\/v2\/posts\/4090","targetHints":{"allow":["GET"]}}],"collection":[{"href":"https:\/\/noticiasveracruz.com\/index.php\/wp-json\/wp\/v2\/posts"}],"about":[{"href":"https:\/\/noticiasveracruz.com\/index.php\/wp-json\/wp\/v2\/types\/post"}],"author":[{"embeddable":true,"href":"https:\/\/noticiasveracruz.com\/index.php\/wp-json\/wp\/v2\/users\/4"}],"replies":[{"embeddable":true,"href":"https:\/\/noticiasveracruz.com\/index.php\/wp-json\/wp\/v2\/comments?post=4090"}],"version-history":[{"count":0,"href":"https:\/\/noticiasveracruz.com\/index.php\/wp-json\/wp\/v2\/posts\/4090\/revisions"}],"wp:featuredmedia":[{"embeddable":true,"href":"https:\/\/noticiasveracruz.com\/index.php\/wp-json\/wp\/v2\/media\/4092"}],"wp:attachment":[{"href":"https:\/\/noticiasveracruz.com\/index.php\/wp-json\/wp\/v2\/media?parent=4090"}],"wp:term":[{"taxonomy":"category","embeddable":true,"href":"https:\/\/noticiasveracruz.com\/index.php\/wp-json\/wp\/v2\/categories?post=4090"},{"taxonomy":"post_tag","embeddable":true,"href":"https:\/\/noticiasveracruz.com\/index.php\/wp-json\/wp\/v2\/tags?post=4090"}],"curies":[{"name":"wp","href":"https:\/\/api.w.org\/{rel}","templated":true}]}}