{"id":40894,"date":"2024-09-27T00:40:44","date_gmt":"2024-09-27T05:40:44","guid":{"rendered":"https:\/\/noticiasveracruz.com\/?p=40894"},"modified":"2024-09-27T00:40:44","modified_gmt":"2024-09-27T05:40:44","slug":"ritmo-de-futuras-alzas-de-tasas-de-interes-divide-a-dirigentes-del-boj","status":"publish","type":"post","link":"https:\/\/noticiasveracruz.com\/index.php\/2024\/09\/27\/ritmo-de-futuras-alzas-de-tasas-de-interes-divide-a-dirigentes-del-boj\/","title":{"rendered":"Ritmo de futuras alzas de tasas de inter\u00e9s, divide a dirigentes del BOJ"},"content":{"rendered":"<p><span style=\"font-size: 14pt;\">Los responsables de pol\u00edtica monetaria del Banco de Jap\u00f3n se mostraron divididos sobre la rapidez con la que el banco central debe subir m\u00e1s las tasas de inter\u00e9s, seg\u00fan las actas de la reuni\u00f3n de pol\u00edtica monetaria de julio publicadas.<\/span><\/p>\n<p><span style=\"font-size: 14pt;\">Los responsables de pol\u00edtica monetaria del Banco de Jap\u00f3n (BOJ, por sus siglas en ingl\u00e9s) se mostraron divididos sobre la rapidez con la que el banco central debe subir m\u00e1s las tasas de inter\u00e9s, seg\u00fan las actas de la reuni\u00f3n de pol\u00edtica monetaria de julio publicadas ayer, lo que pone de relieve la incertidumbre sobre el momento del pr\u00f3ximo aumento de los costos de endeudamiento.\u00a0\u00a0<\/span><\/p>\n<p><span style=\"font-size: 14pt;\">En la reuni\u00f3n, el BOJ subi\u00f3 inesperadamente los r\u00e9ditos a corto plazo hasta 0.25% por siete votos a favor y dos en contra, dando un paso m\u00e1s hacia la eliminaci\u00f3n gradual de una d\u00e9cada de enormes est\u00edmulos.<\/span><\/p>\n","protected":false},"excerpt":{"rendered":"<p>Los responsables de pol\u00edtica monetaria del Banco de Jap\u00f3n se mostraron divididos sobre la rapidez con la que el banco<\/p>\n","protected":false},"author":4,"featured_media":40895,"comment_status":"closed","ping_status":"closed","sticky":false,"template":"","format":"standard","meta":{"colormag_page_container_layout":"default_layout","colormag_page_sidebar_layout":"default_layout","_jetpack_memberships_contains_paid_content":false,"footnotes":"","jetpack_publicize_message":"","jetpack_publicize_feature_enabled":true,"jetpack_social_post_already_shared":true,"jetpack_social_options":{"image_generator_settings":{"template":"highway","default_image_id":0,"font":"","enabled":false},"version":2}},"categories":[1947],"tags":[],"class_list":["post-40894","post","type-post","status-publish","format-standard","has-post-thumbnail","hentry","category-economia"],"jetpack_publicize_connections":[],"jetpack_featured_media_url":"https:\/\/noticiasveracruz.com\/wp-content\/uploads\/2024\/09\/66e8159097688.jpeg","jetpack_sharing_enabled":true,"publishpress_future_action":{"enabled":false,"date":"2026-05-05 22:43:30","action":"change-status","newStatus":"draft","terms":[],"taxonomy":"category","extraData":[]},"publishpress_future_workflow_manual_trigger":{"enabledWorkflows":[]},"_links":{"self":[{"href":"https:\/\/noticiasveracruz.com\/index.php\/wp-json\/wp\/v2\/posts\/40894","targetHints":{"allow":["GET"]}}],"collection":[{"href":"https:\/\/noticiasveracruz.com\/index.php\/wp-json\/wp\/v2\/posts"}],"about":[{"href":"https:\/\/noticiasveracruz.com\/index.php\/wp-json\/wp\/v2\/types\/post"}],"author":[{"embeddable":true,"href":"https:\/\/noticiasveracruz.com\/index.php\/wp-json\/wp\/v2\/users\/4"}],"replies":[{"embeddable":true,"href":"https:\/\/noticiasveracruz.com\/index.php\/wp-json\/wp\/v2\/comments?post=40894"}],"version-history":[{"count":0,"href":"https:\/\/noticiasveracruz.com\/index.php\/wp-json\/wp\/v2\/posts\/40894\/revisions"}],"wp:featuredmedia":[{"embeddable":true,"href":"https:\/\/noticiasveracruz.com\/index.php\/wp-json\/wp\/v2\/media\/40895"}],"wp:attachment":[{"href":"https:\/\/noticiasveracruz.com\/index.php\/wp-json\/wp\/v2\/media?parent=40894"}],"wp:term":[{"taxonomy":"category","embeddable":true,"href":"https:\/\/noticiasveracruz.com\/index.php\/wp-json\/wp\/v2\/categories?post=40894"},{"taxonomy":"post_tag","embeddable":true,"href":"https:\/\/noticiasveracruz.com\/index.php\/wp-json\/wp\/v2\/tags?post=40894"}],"curies":[{"name":"wp","href":"https:\/\/api.w.org\/{rel}","templated":true}]}}