{"id":40891,"date":"2024-09-27T00:39:40","date_gmt":"2024-09-27T05:39:40","guid":{"rendered":"https:\/\/noticiasveracruz.com\/?p=40891"},"modified":"2024-09-27T00:39:40","modified_gmt":"2024-09-27T05:39:40","slug":"claudia-sheinbaum-recibe-una-economia-tocada-por-la-incertidumbre","status":"publish","type":"post","link":"https:\/\/noticiasveracruz.com\/index.php\/2024\/09\/27\/claudia-sheinbaum-recibe-una-economia-tocada-por-la-incertidumbre\/","title":{"rendered":"Claudia Sheinbaum recibe una econom\u00eda tocada por la incertidumbre"},"content":{"rendered":"<p><span style=\"font-size: 14pt;\">La pr\u00f3xima Presidenta, recibir\u00e1 una econom\u00eda tocada por la incertidumbre, pues un agresivo plan de reformas de L\u00f3pez Obrador, amenaza con limitar el crecimiento potencial del M\u00e9xico.<\/span><\/p>\n<p><span style=\"font-size: 14pt;\">Claudia Sheinbaum, pr\u00f3xima Presidenta, recibir\u00e1 una econom\u00eda tocada por la incertidumbre, pues un agresivo plan de reformas de Andr\u00e9s Manuel L\u00f3pez Obrador, amenaza con limitar el crecimiento potencial del M\u00e9xico.\u00a0<\/span><\/p>\n<p><span style=\"font-size: 14pt;\">Al mismo tiempo, la relaci\u00f3n con Estados Unidos y Espa\u00f1a, sus mayores socios comerciales, se enfr\u00eda.<\/span><\/p>\n<p><span style=\"font-size: 14pt;\">En junio, Sheinbaum se convert\u00eda en la primera presidenta electa de la historia con un triunfo electoral contundente, en medio de un positivo clima econ\u00f3mico: moneda fortalecida, s\u00f3lida inversi\u00f3n extranjera y \u00e9xitos de su predecesor en la reducci\u00f3n de la pobreza.<\/span><\/p>\n<p><span style=\"font-size: 14pt;\">Sin embargo, su victoria tambi\u00e9n otorg\u00f3 supermayor\u00edas al oficialismo de izquierda en el Congreso bicameral, donde ahora puede modificar la Constituci\u00f3n sin negociar con la oposici\u00f3n<\/span><\/p>\n","protected":false},"excerpt":{"rendered":"<p>La pr\u00f3xima Presidenta, recibir\u00e1 una econom\u00eda tocada por la incertidumbre, pues un agresivo plan de reformas de L\u00f3pez Obrador, amenaza<\/p>\n","protected":false},"author":4,"featured_media":40892,"comment_status":"closed","ping_status":"closed","sticky":false,"template":"","format":"standard","meta":{"colormag_page_container_layout":"default_layout","colormag_page_sidebar_layout":"default_layout","_jetpack_memberships_contains_paid_content":false,"footnotes":"","jetpack_publicize_message":"","jetpack_publicize_feature_enabled":true,"jetpack_social_post_already_shared":true,"jetpack_social_options":{"image_generator_settings":{"template":"highway","default_image_id":0,"font":"","enabled":false},"version":2}},"categories":[1947],"tags":[],"class_list":["post-40891","post","type-post","status-publish","format-standard","has-post-thumbnail","hentry","category-economia"],"jetpack_publicize_connections":[],"jetpack_featured_media_url":"https:\/\/noticiasveracruz.com\/wp-content\/uploads\/2024\/09\/66f61d3b5ef8d.jpeg","jetpack_sharing_enabled":true,"publishpress_future_action":{"enabled":false,"date":"2026-05-08 02:24:19","action":"change-status","newStatus":"draft","terms":[],"taxonomy":"category","extraData":[]},"publishpress_future_workflow_manual_trigger":{"enabledWorkflows":[]},"_links":{"self":[{"href":"https:\/\/noticiasveracruz.com\/index.php\/wp-json\/wp\/v2\/posts\/40891","targetHints":{"allow":["GET"]}}],"collection":[{"href":"https:\/\/noticiasveracruz.com\/index.php\/wp-json\/wp\/v2\/posts"}],"about":[{"href":"https:\/\/noticiasveracruz.com\/index.php\/wp-json\/wp\/v2\/types\/post"}],"author":[{"embeddable":true,"href":"https:\/\/noticiasveracruz.com\/index.php\/wp-json\/wp\/v2\/users\/4"}],"replies":[{"embeddable":true,"href":"https:\/\/noticiasveracruz.com\/index.php\/wp-json\/wp\/v2\/comments?post=40891"}],"version-history":[{"count":0,"href":"https:\/\/noticiasveracruz.com\/index.php\/wp-json\/wp\/v2\/posts\/40891\/revisions"}],"wp:featuredmedia":[{"embeddable":true,"href":"https:\/\/noticiasveracruz.com\/index.php\/wp-json\/wp\/v2\/media\/40892"}],"wp:attachment":[{"href":"https:\/\/noticiasveracruz.com\/index.php\/wp-json\/wp\/v2\/media?parent=40891"}],"wp:term":[{"taxonomy":"category","embeddable":true,"href":"https:\/\/noticiasveracruz.com\/index.php\/wp-json\/wp\/v2\/categories?post=40891"},{"taxonomy":"post_tag","embeddable":true,"href":"https:\/\/noticiasveracruz.com\/index.php\/wp-json\/wp\/v2\/tags?post=40891"}],"curies":[{"name":"wp","href":"https:\/\/api.w.org\/{rel}","templated":true}]}}