{"id":40885,"date":"2024-09-27T00:36:04","date_gmt":"2024-09-27T05:36:04","guid":{"rendered":"https:\/\/noticiasveracruz.com\/?p=40885"},"modified":"2024-09-27T00:36:04","modified_gmt":"2024-09-27T05:36:04","slug":"china-admite-que-la-economia-enfrenta-nuevos-problemas","status":"publish","type":"post","link":"https:\/\/noticiasveracruz.com\/index.php\/2024\/09\/27\/china-admite-que-la-economia-enfrenta-nuevos-problemas\/","title":{"rendered":"China admite que la econom\u00eda enfrenta nuevos problemas"},"content":{"rendered":"<p><span style=\"font-size: 14pt;\">Xi Jinping, presidente de China, y otros importantes l\u00edderes admitieron ayer que la segunda econom\u00eda del mundo enfrenta nuevos \u201cproblemas\u201d y prometieron resolver una crisis de larga data en el sector inmobiliario.\u00a0<\/span><\/p>\n<p><span style=\"font-size: 14pt;\">Pek\u00edn ha revelado esta semana una serie de medidas para impulsar su maltrecha econom\u00eda, donde se fija como objetivo un crecimiento de 5.0% este a\u00f1o, una meta que los analistas consideran optimista dados los numerosos vientos en contra que enfrenta.<\/span><\/p>\n","protected":false},"excerpt":{"rendered":"<p>Xi Jinping, presidente de China, y otros importantes l\u00edderes admitieron ayer que la segunda econom\u00eda del mundo enfrenta nuevos \u201cproblemas\u201d<\/p>\n","protected":false},"author":4,"featured_media":40886,"comment_status":"closed","ping_status":"closed","sticky":false,"template":"","format":"standard","meta":{"colormag_page_container_layout":"default_layout","colormag_page_sidebar_layout":"default_layout","_jetpack_memberships_contains_paid_content":false,"footnotes":"","jetpack_publicize_message":"","jetpack_publicize_feature_enabled":true,"jetpack_social_post_already_shared":true,"jetpack_social_options":{"image_generator_settings":{"template":"highway","default_image_id":0,"font":"","enabled":false},"version":2}},"categories":[1947],"tags":[],"class_list":["post-40885","post","type-post","status-publish","format-standard","has-post-thumbnail","hentry","category-economia"],"jetpack_publicize_connections":[],"jetpack_featured_media_url":"https:\/\/noticiasveracruz.com\/wp-content\/uploads\/2024\/09\/66f6336cc8d74.jpeg","jetpack_sharing_enabled":true,"publishpress_future_action":{"enabled":false,"date":"2026-05-05 23:07:12","action":"change-status","newStatus":"draft","terms":[],"taxonomy":"category","extraData":[]},"publishpress_future_workflow_manual_trigger":{"enabledWorkflows":[]},"_links":{"self":[{"href":"https:\/\/noticiasveracruz.com\/index.php\/wp-json\/wp\/v2\/posts\/40885","targetHints":{"allow":["GET"]}}],"collection":[{"href":"https:\/\/noticiasveracruz.com\/index.php\/wp-json\/wp\/v2\/posts"}],"about":[{"href":"https:\/\/noticiasveracruz.com\/index.php\/wp-json\/wp\/v2\/types\/post"}],"author":[{"embeddable":true,"href":"https:\/\/noticiasveracruz.com\/index.php\/wp-json\/wp\/v2\/users\/4"}],"replies":[{"embeddable":true,"href":"https:\/\/noticiasveracruz.com\/index.php\/wp-json\/wp\/v2\/comments?post=40885"}],"version-history":[{"count":0,"href":"https:\/\/noticiasveracruz.com\/index.php\/wp-json\/wp\/v2\/posts\/40885\/revisions"}],"wp:featuredmedia":[{"embeddable":true,"href":"https:\/\/noticiasveracruz.com\/index.php\/wp-json\/wp\/v2\/media\/40886"}],"wp:attachment":[{"href":"https:\/\/noticiasveracruz.com\/index.php\/wp-json\/wp\/v2\/media?parent=40885"}],"wp:term":[{"taxonomy":"category","embeddable":true,"href":"https:\/\/noticiasveracruz.com\/index.php\/wp-json\/wp\/v2\/categories?post=40885"},{"taxonomy":"post_tag","embeddable":true,"href":"https:\/\/noticiasveracruz.com\/index.php\/wp-json\/wp\/v2\/tags?post=40885"}],"curies":[{"name":"wp","href":"https:\/\/api.w.org\/{rel}","templated":true}]}}