{"id":40825,"date":"2024-09-26T00:21:47","date_gmt":"2024-09-26T05:21:47","guid":{"rendered":"https:\/\/noticiasveracruz.com\/?p=40825"},"modified":"2024-09-26T00:21:47","modified_gmt":"2024-09-26T05:21:47","slug":"seis-presos-mueren-y-uno-resulta-herido-en-incendio-en-una-carcel-de-uruguay","status":"publish","type":"post","link":"https:\/\/noticiasveracruz.com\/index.php\/2024\/09\/26\/seis-presos-mueren-y-uno-resulta-herido-en-incendio-en-una-carcel-de-uruguay\/","title":{"rendered":"Seis presos mueren y uno resulta herido en incendio en una c\u00e1rcel de Uruguay"},"content":{"rendered":"<p><span style=\"font-size: 14pt;\">Seis presos murieron y un s\u00e9ptimo detenido result\u00f3 herido en un incendio ocurrido el mi\u00e9rcoles en la\u00a0c\u00e1rcel\u00a0de Santiago V\u00e1zquez, la m\u00e1s grande de\u00a0Uruguay, \u00abpor causas que se tratan de establecer\u00bb, informaron autoridades.<\/span><\/p>\n<p><span style=\"font-size: 14pt;\">El Ministerio del Interior dijo que el fuego se produjo cerca de las 14 horas locales en la celda 94 del M\u00f3dulo 4 de la Unidad 4C de media seguridad de ese\u00a0complejo penitenciario, situado a unos 20 km del centro de\u00a0Montevideo.<\/span><\/p>\n<p><span style=\"font-size: 14pt;\">\u00abPese a que el\u00a0fuego\u00a0fue controlado por personal (de la prisi\u00f3n) mediante extintores de polvo tipo ABC y extinguido por bomberos (&#8230;) resultaron 6 internos fallecidos en la celda 94 y un privado de libertad herido en la celda contigua\u00bb, indic\u00f3 en un comunicado.<\/span><\/p>\n<p>&nbsp;<\/p>\n","protected":false},"excerpt":{"rendered":"<p>Seis presos murieron y un s\u00e9ptimo detenido result\u00f3 herido en un incendio ocurrido el mi\u00e9rcoles en la\u00a0c\u00e1rcel\u00a0de Santiago V\u00e1zquez, la<\/p>\n","protected":false},"author":4,"featured_media":40826,"comment_status":"closed","ping_status":"closed","sticky":false,"template":"","format":"standard","meta":{"colormag_page_container_layout":"default_layout","colormag_page_sidebar_layout":"default_layout","_jetpack_memberships_contains_paid_content":false,"footnotes":"","jetpack_publicize_message":"","jetpack_publicize_feature_enabled":true,"jetpack_social_post_already_shared":true,"jetpack_social_options":{"image_generator_settings":{"template":"highway","default_image_id":0,"font":"","enabled":false},"version":2}},"categories":[355],"tags":[],"class_list":["post-40825","post","type-post","status-publish","format-standard","has-post-thumbnail","hentry","category-internacional"],"jetpack_publicize_connections":[],"jetpack_featured_media_url":"https:\/\/noticiasveracruz.com\/wp-content\/uploads\/2024\/09\/Carcel-Uruguay.png","jetpack_sharing_enabled":true,"publishpress_future_action":{"enabled":false,"date":"2026-05-10 08:41:03","action":"change-status","newStatus":"draft","terms":[],"taxonomy":"category","extraData":[]},"publishpress_future_workflow_manual_trigger":{"enabledWorkflows":[]},"_links":{"self":[{"href":"https:\/\/noticiasveracruz.com\/index.php\/wp-json\/wp\/v2\/posts\/40825","targetHints":{"allow":["GET"]}}],"collection":[{"href":"https:\/\/noticiasveracruz.com\/index.php\/wp-json\/wp\/v2\/posts"}],"about":[{"href":"https:\/\/noticiasveracruz.com\/index.php\/wp-json\/wp\/v2\/types\/post"}],"author":[{"embeddable":true,"href":"https:\/\/noticiasveracruz.com\/index.php\/wp-json\/wp\/v2\/users\/4"}],"replies":[{"embeddable":true,"href":"https:\/\/noticiasveracruz.com\/index.php\/wp-json\/wp\/v2\/comments?post=40825"}],"version-history":[{"count":0,"href":"https:\/\/noticiasveracruz.com\/index.php\/wp-json\/wp\/v2\/posts\/40825\/revisions"}],"wp:featuredmedia":[{"embeddable":true,"href":"https:\/\/noticiasveracruz.com\/index.php\/wp-json\/wp\/v2\/media\/40826"}],"wp:attachment":[{"href":"https:\/\/noticiasveracruz.com\/index.php\/wp-json\/wp\/v2\/media?parent=40825"}],"wp:term":[{"taxonomy":"category","embeddable":true,"href":"https:\/\/noticiasveracruz.com\/index.php\/wp-json\/wp\/v2\/categories?post=40825"},{"taxonomy":"post_tag","embeddable":true,"href":"https:\/\/noticiasveracruz.com\/index.php\/wp-json\/wp\/v2\/tags?post=40825"}],"curies":[{"name":"wp","href":"https:\/\/api.w.org\/{rel}","templated":true}]}}