{"id":40822,"date":"2024-09-26T00:20:16","date_gmt":"2024-09-26T05:20:16","guid":{"rendered":"https:\/\/noticiasveracruz.com\/?p=40822"},"modified":"2024-09-26T00:20:16","modified_gmt":"2024-09-26T05:20:16","slug":"defensa-de-garcia-luna-busca-evitar-cadena-perpetua-propone-20-anos-de-prision","status":"publish","type":"post","link":"https:\/\/noticiasveracruz.com\/index.php\/2024\/09\/26\/defensa-de-garcia-luna-busca-evitar-cadena-perpetua-propone-20-anos-de-prision\/","title":{"rendered":"Defensa de Garc\u00eda Luna busca evitar cadena perpetua: propone 20 a\u00f1os de prisi\u00f3n"},"content":{"rendered":"<p><span style=\"font-size: 14pt;\">El\u00a0abogado\u00a0de\u00a0Genaro Garc\u00eda Luna\u00a0solicit\u00f3 a la\u00a0Corte de Brooklyn, en\u00a0Nueva York, una\u00a0pena de 20 a\u00f1os de prisi\u00f3n\u00a0para el exsecretario de seguridad p\u00fablica en M\u00e9xico.<\/span><\/p>\n<p><span style=\"font-size: 14pt;\">A trav\u00e9s de un oficio enviado al\u00a0juez Brian Cogan, el abogado\u00a0C\u00e9sar de Castro\u00a0consider\u00f3 que \u00abuna pena de veinte a\u00f1os es una\u00a0sentencia extremadamente significativa y prolongada\u00bb.<\/span><\/p>\n<p><span style=\"font-size: 14pt;\">Adem\u00e1s, el defensor de Garc\u00eda Luna apunt\u00f3 que\u00a0dicha pena representar\u00eda\u00a0aproximadamente\u00a0el tiempo\u00a0que\u00a0fue funcionario p\u00fablico\u00a0en el Gobierno de M\u00e9xico.<\/span><\/p>\n<p><span style=\"font-size: 14pt;\">\u00abEsta condena representar\u00eda aproximadamente la duraci\u00f3n de toda la carrera del se\u00f1or Garc\u00eda Luna como servidor p\u00fablico en el gobierno mexicano, como miembro de su agencia de Inteligencia, la Polic\u00eda Federal y el Secretario de Seguridad P\u00fablica\u00bb, se expone en el documento judicial.<\/span><\/p>\n","protected":false},"excerpt":{"rendered":"<p>El\u00a0abogado\u00a0de\u00a0Genaro Garc\u00eda Luna\u00a0solicit\u00f3 a la\u00a0Corte de Brooklyn, en\u00a0Nueva York, una\u00a0pena de 20 a\u00f1os de prisi\u00f3n\u00a0para el exsecretario de seguridad p\u00fablica<\/p>\n","protected":false},"author":4,"featured_media":40823,"comment_status":"closed","ping_status":"closed","sticky":false,"template":"","format":"standard","meta":{"colormag_page_container_layout":"default_layout","colormag_page_sidebar_layout":"default_layout","_jetpack_memberships_contains_paid_content":false,"footnotes":"","jetpack_publicize_message":"","jetpack_publicize_feature_enabled":true,"jetpack_social_post_already_shared":true,"jetpack_social_options":{"image_generator_settings":{"template":"highway","default_image_id":0,"font":"","enabled":false},"version":2}},"categories":[355],"tags":[],"class_list":["post-40822","post","type-post","status-publish","format-standard","has-post-thumbnail","hentry","category-internacional"],"jetpack_publicize_connections":[],"jetpack_featured_media_url":"https:\/\/noticiasveracruz.com\/wp-content\/uploads\/2024\/09\/Genaro-Garcia-Luna_juicio-en-EU.jpg","jetpack_sharing_enabled":true,"publishpress_future_action":{"enabled":false,"date":"2026-05-10 07:34:20","action":"change-status","newStatus":"draft","terms":[],"taxonomy":"category","extraData":[]},"publishpress_future_workflow_manual_trigger":{"enabledWorkflows":[]},"_links":{"self":[{"href":"https:\/\/noticiasveracruz.com\/index.php\/wp-json\/wp\/v2\/posts\/40822","targetHints":{"allow":["GET"]}}],"collection":[{"href":"https:\/\/noticiasveracruz.com\/index.php\/wp-json\/wp\/v2\/posts"}],"about":[{"href":"https:\/\/noticiasveracruz.com\/index.php\/wp-json\/wp\/v2\/types\/post"}],"author":[{"embeddable":true,"href":"https:\/\/noticiasveracruz.com\/index.php\/wp-json\/wp\/v2\/users\/4"}],"replies":[{"embeddable":true,"href":"https:\/\/noticiasveracruz.com\/index.php\/wp-json\/wp\/v2\/comments?post=40822"}],"version-history":[{"count":0,"href":"https:\/\/noticiasveracruz.com\/index.php\/wp-json\/wp\/v2\/posts\/40822\/revisions"}],"wp:featuredmedia":[{"embeddable":true,"href":"https:\/\/noticiasveracruz.com\/index.php\/wp-json\/wp\/v2\/media\/40823"}],"wp:attachment":[{"href":"https:\/\/noticiasveracruz.com\/index.php\/wp-json\/wp\/v2\/media?parent=40822"}],"wp:term":[{"taxonomy":"category","embeddable":true,"href":"https:\/\/noticiasveracruz.com\/index.php\/wp-json\/wp\/v2\/categories?post=40822"},{"taxonomy":"post_tag","embeddable":true,"href":"https:\/\/noticiasveracruz.com\/index.php\/wp-json\/wp\/v2\/tags?post=40822"}],"curies":[{"name":"wp","href":"https:\/\/api.w.org\/{rel}","templated":true}]}}