{"id":40819,"date":"2024-09-26T00:18:34","date_gmt":"2024-09-26T05:18:34","guid":{"rendered":"https:\/\/noticiasveracruz.com\/?p=40819"},"modified":"2024-09-26T00:18:34","modified_gmt":"2024-09-26T05:18:34","slug":"alcalde-de-nueva-york-eric-adams-acusado-en-una-investigacion-federal","status":"publish","type":"post","link":"https:\/\/noticiasveracruz.com\/index.php\/2024\/09\/26\/alcalde-de-nueva-york-eric-adams-acusado-en-una-investigacion-federal\/","title":{"rendered":"Alcalde de Nueva York, Eric Adams, acusado en una investigaci\u00f3n federal"},"content":{"rendered":"<p><span style=\"font-size: 14pt;\">El\u00a0alcalde de Nueva York, el dem\u00f3crata\u00a0Eric\u00a0Adams, bajo sospechas por la\u00a0financiaci\u00f3n de su campa\u00f1a en 2021, fue imputado en una\u00a0investigaci\u00f3n a cargo de una fiscal\u00eda federal, revel\u00f3 este mi\u00e9rcoles el\u00a0The New York Times.<\/span><\/p>\n<p><span style=\"font-size: 14pt;\">El diario estadounidense\u00a0no precisa los cargos, pero Adams es objeto de una pesquisa desde hace varios meses por acusaciones de\u00a0donaciones ilegales de empresas constructoras vinculadas a Turqu\u00eda.<\/span><\/p>\n<p><span style=\"font-size: 14pt;\">En los \u00faltimos d\u00edas,\u00a0varias personas han dimitido en el c\u00edrculo m\u00e1s cercano del alcalde de Nueva York, el primero en ser inculpado durante el ejercicio de sus funciones.<\/span><\/p>\n","protected":false},"excerpt":{"rendered":"<p>El\u00a0alcalde de Nueva York, el dem\u00f3crata\u00a0Eric\u00a0Adams, bajo sospechas por la\u00a0financiaci\u00f3n de su campa\u00f1a en 2021, fue imputado en una\u00a0investigaci\u00f3n a<\/p>\n","protected":false},"author":4,"featured_media":40820,"comment_status":"closed","ping_status":"closed","sticky":false,"template":"","format":"standard","meta":{"colormag_page_container_layout":"default_layout","colormag_page_sidebar_layout":"default_layout","_jetpack_memberships_contains_paid_content":false,"footnotes":"","jetpack_publicize_message":"","jetpack_publicize_feature_enabled":true,"jetpack_social_post_already_shared":true,"jetpack_social_options":{"image_generator_settings":{"template":"highway","default_image_id":0,"font":"","enabled":false},"version":2}},"categories":[355],"tags":[],"class_list":["post-40819","post","type-post","status-publish","format-standard","has-post-thumbnail","hentry","category-internacional"],"jetpack_publicize_connections":[],"jetpack_featured_media_url":"https:\/\/noticiasveracruz.com\/wp-content\/uploads\/2024\/09\/Alcalde-de-NY-enfrenta-investigacion-federal.png","jetpack_sharing_enabled":true,"publishpress_future_action":{"enabled":false,"date":"2026-05-10 06:34:00","action":"change-status","newStatus":"draft","terms":[],"taxonomy":"category","extraData":[]},"publishpress_future_workflow_manual_trigger":{"enabledWorkflows":[]},"_links":{"self":[{"href":"https:\/\/noticiasveracruz.com\/index.php\/wp-json\/wp\/v2\/posts\/40819","targetHints":{"allow":["GET"]}}],"collection":[{"href":"https:\/\/noticiasveracruz.com\/index.php\/wp-json\/wp\/v2\/posts"}],"about":[{"href":"https:\/\/noticiasveracruz.com\/index.php\/wp-json\/wp\/v2\/types\/post"}],"author":[{"embeddable":true,"href":"https:\/\/noticiasveracruz.com\/index.php\/wp-json\/wp\/v2\/users\/4"}],"replies":[{"embeddable":true,"href":"https:\/\/noticiasveracruz.com\/index.php\/wp-json\/wp\/v2\/comments?post=40819"}],"version-history":[{"count":0,"href":"https:\/\/noticiasveracruz.com\/index.php\/wp-json\/wp\/v2\/posts\/40819\/revisions"}],"wp:featuredmedia":[{"embeddable":true,"href":"https:\/\/noticiasveracruz.com\/index.php\/wp-json\/wp\/v2\/media\/40820"}],"wp:attachment":[{"href":"https:\/\/noticiasveracruz.com\/index.php\/wp-json\/wp\/v2\/media?parent=40819"}],"wp:term":[{"taxonomy":"category","embeddable":true,"href":"https:\/\/noticiasveracruz.com\/index.php\/wp-json\/wp\/v2\/categories?post=40819"},{"taxonomy":"post_tag","embeddable":true,"href":"https:\/\/noticiasveracruz.com\/index.php\/wp-json\/wp\/v2\/tags?post=40819"}],"curies":[{"name":"wp","href":"https:\/\/api.w.org\/{rel}","templated":true}]}}