{"id":40813,"date":"2024-09-26T00:13:04","date_gmt":"2024-09-26T05:13:04","guid":{"rendered":"https:\/\/noticiasveracruz.com\/?p=40813"},"modified":"2024-09-26T00:13:04","modified_gmt":"2024-09-26T05:13:04","slug":"exitoso-e-inolvidable-concierto-en-tuxpan-de-la-banda-sinfonica-de-la-secretaria-de-marina-armada-de-mexico","status":"publish","type":"post","link":"https:\/\/noticiasveracruz.com\/index.php\/2024\/09\/26\/exitoso-e-inolvidable-concierto-en-tuxpan-de-la-banda-sinfonica-de-la-secretaria-de-marina-armada-de-mexico\/","title":{"rendered":"Exitoso e inolvidable concierto en Tuxpan de la Banda Sinf\u00f3nica de la Secretar\u00eda de Marina Armada de M\u00e9xico"},"content":{"rendered":"<p><span style=\"font-size: 14pt;\">La Banda Sinf\u00f3nica de la Secretar\u00eda de Marina Armada de M\u00e9xico dio un concierto inolvidable, en un recinto abarrotado por un p\u00fablico que disfrut\u00f3 a plenitud las magistrales interpretaciones.<\/span><\/p>\n<p><span style=\"font-size: 14pt;\">Este concierto \u201c23 de Noviembre, 1914: devoluci\u00f3n del Puerto de Veracruz al Gobierno Mexicano\u201d fue organizado por el Gobierno de Tuxpan y la Universidad Veracruzana, como parte de los festejos de su 80 Aniversario.<\/span><\/p>\n<p><span style=\"font-size: 14pt;\">En el evento estuvo el Presidente Municipal Lic. Jos\u00e9 Manuel Pozos Castro; la Vicerrectora de la Regi\u00f3n Poza Rica-Tuxpan, Dra. Liliana Cuervo L\u00f3pez; el Vicealmirante CG DEM Miguel \u00c1ngel Garc\u00eda Portillo, comandante de la 5\u00aa Zona Naval; el contralmirante CG DEM Luis L\u00e1zaro Cornejo Olivares, jefe de Estado Mayor de la Fuerza Naval del Golfo.<\/span><\/p>\n<p><span style=\"font-size: 14pt;\">La presidenta del DIF Tuxpan, Lic. Pamela Morales Huesca; la s\u00edndica \u00fanica Mtra. Beatriz Pi\u00f1a Vergara; la regidora segunda Mar\u00eda del Pilar Mart\u00ednez Matesanz y el regidor Juan G\u00f3mez Garc\u00eda.<\/span><\/p>\n<p><span style=\"font-size: 14pt;\">La Banda Sinf\u00f3nica de la Secretar\u00eda de Marina, bajo direcci\u00f3n art\u00edstica de la Capit\u00e1n de Fragata Irene Cabrera S\u00e1nchez y del Teniente de Fragata \u00c1ngel Guillermo Mart\u00ednez L\u00f3pez, tuvo una magistral presentaci\u00f3n, interpretando toques de ordenanza militar, extractos de marchas, marchas, toques de ordenanza de M\u00e9xico y Espa\u00f1a, vals y paso doble.<\/span><\/p>\n<p><span style=\"font-size: 14pt;\">El cierre del concierto fue espectacular con la interpretaci\u00f3n de Huapango, de Jos\u00e9 Pablo Moncayo. El p\u00fablico les prodig\u00f3 un gran aplauso y una prolongada ovaci\u00f3n de pie.<\/span><\/p>\n<p><span style=\"font-size: 14pt;\">El alcalde Jos\u00e9 Manuel Pozos Castro agradeci\u00f3 al Dr. Mart\u00edn Aguilar S\u00e1nchez, Rector de la Universidad Veracruzana, por su respaldo para llevar a cabo este exitoso evento cultural.<\/span><\/p>\n<p><span style=\"font-size: 14pt;\">Tambi\u00e9n destac\u00f3 que hoy en d\u00eda Tuxpan es crisol de todas las expresiones art\u00edsticas y culturales, y la presentaci\u00f3n de la Banda Sinf\u00f3nica de la Secretar\u00eda de Marina lo confirma.<\/span><\/p>\n<p><span style=\"font-size: 14pt;\">Antes del concierto se tuvo una charla introductoria del Dr. Alfonso Colorado Hern\u00e1ndez, del Centro de Estudios de la Cultura y Comunicaci\u00f3n.<\/span><\/p>\n<p><span style=\"font-size: 14pt;\">Se entregaron reconocimientos a la Banda Sinf\u00f3nica de la Secretar\u00eda de Marina, a la Directora Art\u00edstica Capit\u00e1n de Fragata Irene Cabrera S\u00e1nchez, al Teniente de Fragata \u00c1ngel Guillermo Mart\u00ednez L\u00f3pez y al Dr. Le\u00f3n Alfonso Colorado Hern\u00e1ndez.<\/span><\/p>\n<p><span style=\"font-size: 14pt;\">Cabe mencionar que en el evento tambi\u00e9n estuvo presente el Capit\u00e1n de Nav\u00edo Julio C\u00e9sar Mondrag\u00f3n P\u00e9rez, de la Fuerza Naval del Golfo; el contralmirante Infanter\u00eda de Marina DEM V\u00edctor Manuel Neria Estrada, jefe de Estado Mayor 5\u00aa Zona Naval; el Cap. Fgta. CG DEM V\u00edctor Manuel Coya, inspector de la 5\u00aa Zona Naval.<\/span><\/p>\n","protected":false},"excerpt":{"rendered":"<p>La Banda Sinf\u00f3nica de la Secretar\u00eda de Marina Armada de M\u00e9xico dio un concierto inolvidable, en un recinto abarrotado por<\/p>\n","protected":false},"author":4,"featured_media":40814,"comment_status":"closed","ping_status":"closed","sticky":false,"template":"","format":"standard","meta":{"colormag_page_container_layout":"default_layout","colormag_page_sidebar_layout":"default_layout","_jetpack_memberships_contains_paid_content":false,"footnotes":"","jetpack_publicize_message":"","jetpack_publicize_feature_enabled":true,"jetpack_social_post_already_shared":true,"jetpack_social_options":{"image_generator_settings":{"template":"highway","default_image_id":0,"font":"","enabled":false},"version":2}},"categories":[3372,356],"tags":[],"class_list":["post-40813","post","type-post","status-publish","format-standard","has-post-thumbnail","hentry","category-gobierno-tuxpan","category-veracruz"],"jetpack_publicize_connections":[],"jetpack_featured_media_url":"https:\/\/noticiasveracruz.com\/wp-content\/uploads\/2024\/09\/c010201c-a2be-4c18-af62-6a574df9368d.jpg","jetpack_sharing_enabled":true,"publishpress_future_action":{"enabled":false,"date":"2026-05-10 04:26:08","action":"change-status","newStatus":"draft","terms":[],"taxonomy":"category","extraData":[]},"publishpress_future_workflow_manual_trigger":{"enabledWorkflows":[]},"_links":{"self":[{"href":"https:\/\/noticiasveracruz.com\/index.php\/wp-json\/wp\/v2\/posts\/40813","targetHints":{"allow":["GET"]}}],"collection":[{"href":"https:\/\/noticiasveracruz.com\/index.php\/wp-json\/wp\/v2\/posts"}],"about":[{"href":"https:\/\/noticiasveracruz.com\/index.php\/wp-json\/wp\/v2\/types\/post"}],"author":[{"embeddable":true,"href":"https:\/\/noticiasveracruz.com\/index.php\/wp-json\/wp\/v2\/users\/4"}],"replies":[{"embeddable":true,"href":"https:\/\/noticiasveracruz.com\/index.php\/wp-json\/wp\/v2\/comments?post=40813"}],"version-history":[{"count":0,"href":"https:\/\/noticiasveracruz.com\/index.php\/wp-json\/wp\/v2\/posts\/40813\/revisions"}],"wp:featuredmedia":[{"embeddable":true,"href":"https:\/\/noticiasveracruz.com\/index.php\/wp-json\/wp\/v2\/media\/40814"}],"wp:attachment":[{"href":"https:\/\/noticiasveracruz.com\/index.php\/wp-json\/wp\/v2\/media?parent=40813"}],"wp:term":[{"taxonomy":"category","embeddable":true,"href":"https:\/\/noticiasveracruz.com\/index.php\/wp-json\/wp\/v2\/categories?post=40813"},{"taxonomy":"post_tag","embeddable":true,"href":"https:\/\/noticiasveracruz.com\/index.php\/wp-json\/wp\/v2\/tags?post=40813"}],"curies":[{"name":"wp","href":"https:\/\/api.w.org\/{rel}","templated":true}]}}