{"id":40771,"date":"2024-09-25T07:20:14","date_gmt":"2024-09-25T12:20:14","guid":{"rendered":"https:\/\/noticiasveracruz.com\/?p=40771"},"modified":"2024-09-25T00:55:13","modified_gmt":"2024-09-25T05:55:13","slug":"lo-que-hoy-se-ve-en-la-politica-y-lo-que-viene","status":"publish","type":"post","link":"https:\/\/noticiasveracruz.com\/index.php\/2024\/09\/25\/lo-que-hoy-se-ve-en-la-politica-y-lo-que-viene\/","title":{"rendered":"Lo que hoy se ve en la pol\u00edtica&#8230;y lo que viene"},"content":{"rendered":"<p><span style=\"font-size: 14pt;\"><strong>Dra. Zaida Alicia Llad\u00f3 Castillo<\/strong><\/span><\/p>\n<p><span style=\"font-size: 14pt;\"><strong><em>\u201cNadie abandona el cargo de Presidente con el mismo prestigio o respeto que lo llev\u00f3 a ah\u00ed\u201d. <\/em><\/strong><\/span><\/p>\n<p><span style=\"font-size: 14pt;\">Tomas Jefferson.<\/span><\/p>\n<p><span style=\"font-size: 14pt;\">Escrib\u00ed en otro momento sobre el tema: los antivalores en el ejercicio de la pol\u00edtica y ahora lo retomo, porque, lo que hoy se ve en el comportamiento de sus actores est\u00e1 fuera de toda proporci\u00f3n, particularmente si lo apreciamos desde la perspectiva de la \u00e9tica pol\u00edtica, el derecho, la democracia, las instituciones mexicanas y la sociedad en su conjunto. Y para nuestra desgracia nada ha cambiado, al contrario, las cosas en pol\u00edtica nacional, estatal y local, tal parece que est\u00e1n peor. Y para muestra basta revisar algunos referentes que ya hoy se naturalizan:<\/span><\/p>\n<ol>\n<li><span style=\"font-size: 14pt;\"><strong>Candidatos<\/strong>, que se desgarran las vestiduras por un partido, pero que cuando no obtienen lo que quieren brincan r\u00e1pidamente a otro para salvar el pellejo; o aquellos y aquellas que se llenaron la boca de insultos contra un Presidente, Gobernador o candidatos y candidatas del partido oficial y aliados, y hoy est\u00e1n comiendo de la mano con los nuevos equipos, tras previa negociaci\u00f3n de impunidad, por simple protagonismo y\/o por el deseo incontrolable de saciar nuevas ambiciones. \u00a0<\/span><\/li>\n<li><span style=\"font-size: 14pt;\"><strong>Autoridades electorales<\/strong>, que como nunca dejaron evidencia de una actuaci\u00f3n endeble. Que estar\u00e1 siempre la duda su actuaci\u00f3n imparcial pues existen evidencias de presuntamente haberse prestado a orquestar un fraude electivo, que implic\u00f3 venderse o ser omisos frente al oficialismo antidemocr\u00e1tico. La pura duda les ofende, porque de ser as\u00ed, los hizo c\u00f3mplices de un plan perverso para hacer ganar, sin disimulo y \u201ca la mala\u201d, a los candidatos del partido del Presidente, quedando en su consciencia su baja calidad moral en el desempe\u00f1o de su trabajo y la verg\u00fcenza de ocupar un espacio que no merecen.<\/span><\/li>\n<li><span style=\"font-size: 14pt;\"><strong>Un Presidente saliente<\/strong>, que lo despiden con botellazos e insultos, cosechando lo que sembr\u00f3 a lo largo de 6 a\u00f1os en el cargo (y 24 de l\u00edder radical), pero m\u00e1s, por haber promovido la elecci\u00f3n de Estado m\u00e1s descarada de la historia de nuestro pa\u00eds, con derroche de poder y dinero, y lo peor, por haber provocado con su actuaci\u00f3n -de delincuente electoral-, la ilegitimidad de sus propios candidatos y candidatas \u201cganadores\u201d, pues los deja exhibidos frente al pueblo de Mexico, quienes habr\u00e1n de hacer un esfuerzo sobrehumano para ganarse el respeto de sus representados.<\/span><\/li>\n<li><span style=\"font-size: 14pt;\"><strong>Elecciones controladas por el crimen organizado<\/strong>, que hoy se da el lujo \u2013 con el consentimiento del Estado- de quitar y poner autoridades sin el menor recato y sin que nadie lo impida y, con ello, continuar poniendo en riesgo el respeto a los derechos humanos y la vida de los mexicanos y mexicanas.<\/span><\/li>\n<li><span style=\"font-size: 14pt;\"><strong>Ciudadanos y ciudadanas<\/strong>, que, por necesidad, conveniencia o miedo vendieron su voto, sin medir las consecuencias de lo que va a suceder en Mexico en los siguientes meses y a\u00f1os, dej\u00e1ndose seducir como el <strong>\u201cconejo frente a la zanahoria jalada por el hilo<\/strong>\u201d pensando s\u00f3lo en el ahora y no en ese futuro, que seguro ser\u00e1 incierto y al que han destinado desde hoy, a sus hijos y nietos.<\/span><\/li>\n<li><span style=\"font-size: 14pt;\"><strong>Partidos pol\u00edticos,<\/strong> de todos los colores y sabores, que no han aprendido la lecci\u00f3n de perfeccionarse y de profesionalizarse, en serio; que cuando han sido gobierno olvidan sus principios, fallan en el balance de las cuentas y al respeto que merece el electorado, raz\u00f3n que explica el por qu\u00e9, cada vez van perdiendo adeptos y desmotivando la confianza ciudadana. Mismas instituciones que hacen caso omiso de cumplir con la misi\u00f3n y objetivos que justificaron su existencia, que no cambian las viejas pr\u00e1cticas , principalmente las que afectan a su democracia interna y externa y que han convertido a sus partidos en agencias de colocaciones o franquicias , con liderazgos porriles &#8211; insaciables en la b\u00fasqueda de dinero y poder-; y con una militancia \u2013 que con sus contadas excepciones-, carece de identidad, base ideol\u00f3gica, convicci\u00f3n, lealtad a la instituci\u00f3n y muy poco amor a Mexico.<\/span><\/li>\n<\/ol>\n<p><span style=\"font-size: 14pt;\">Lo anterior solo habla de la proximidad de la decadencia del sistema pol\u00edtico mexicano y de que se tiene que hacer algo para impedirlo, siendo la propia ciudadan\u00eda pensante y organizada pol\u00edticamente-dentro o fuera de los partidos pol\u00edticos-, quien habr\u00e1 de ir generando los cambios desde adentro&#8230;debiendo actuar ya y en el menor tiempo, para superar esta etapa de incertidumbre.<\/span><\/p>\n<p><span style=\"font-size: 14pt;\">El oficialismo ya est\u00e1 trabajando. Recordemos que este ya prob\u00f3 su maquinaria en el pasado proceso. Solo revisemos algo. El pasado 20 de septiembre el Consejo General del INE, ante la proximidad del inicio del proceso electoral 2024-2025, aprob\u00f3 ya el <strong>Programa de Trabajo de la Comisi\u00f3n Temporal para el Seguimiento del Proceso Electoral<\/strong>, que detalla el control y seguimiento de las elecciones del pr\u00f3ximo a\u00f1o a celebrarse el 1\u00ba de junio de 2025.\u00a0 Elecci\u00f3n en donde se renovar\u00e1n los titulares de 39 municipios de Durango y 212 del Estado de Veracruz, y que se sumar\u00e1 a ello -de no proceder las impugnaciones a la Reforma al Poder Judicial -, la elecci\u00f3n de la primera mitad de los jueces, magistrados y ministros.<\/span><\/p>\n<p><span style=\"font-size: 14pt;\">No olvidemos tambi\u00e9n que, si hay algo que dej\u00f3 en duda la elecci\u00f3n pasada, fue la actuaci\u00f3n del INE, que puso a operar una serie de instancias nuevas que controlaron las elecciones, incluso por encima de los organismos p\u00fablicos locales (OPLES). Direcciones y Unidades que operaron abiertamente y se las \u201cpasaron de humo\u201d a los partidos pol\u00edticos y ciudadanos, sin que se dieran cuenta de lo que se estaba maquinando. Entre ellas: las Direcciones Ejecutivas de Organizaci\u00f3n Electoral (DEOE), las Direcciones Ejecutivas de Capacitaci\u00f3n Electoral y Educaci\u00f3n C\u00edvica (DECEyEC) , as\u00ed como las Unidades T\u00e9cnicas de Vinculaci\u00f3n con Organismos P\u00fablicos locales (UTVOPL) y lo m\u00e1s importante , las Unidades T\u00e9cnicas de Servicios de Inform\u00e1tica (UTSI) que son los que vac\u00edan los datos al sistema. As\u00ed que, como dice la Biblia: \u201c<em>el que quiera o\u00edr que oiga\u201d<\/em> (Ezequiel 3, 27).<\/span><\/p>\n<p><span style=\"font-size: 14pt;\">Creo que la oposici\u00f3n debe empezar a caminar de manera coordinada y mejor organizada.<\/span><\/p>\n<p><span style=\"font-size: 14pt;\">Hay un 50 % de la poblaci\u00f3n votante nacional que no est\u00e1 de acuerdo con lo que vivimos hace casi 3 meses y, que est\u00e1 consciente de lo que puede venir en los siguientes a\u00f1os, en el pa\u00eds y en nuestras regiones. Esa sociedad, que militando en partidos o no, tiene el deber de reflexionar, reaccionar y accionar hoy m\u00e1s que nunca, para:<\/span><\/p>\n<ul>\n<li><span style=\"font-size: 14pt;\">Ser capaz de aprovechar la experiencia vivida el 2 de junio pasado, conscientes de lo que falt\u00f3 hacer, no excedi\u00e9ndose en confianza, recapacitando y razonando mejor las decisiones, trabajando en equipos, involucr\u00e1ndose m\u00e1s en el proceso desde que inicia y hasta el final del mismo y con ello, no permitir que en la pr\u00f3xima elecci\u00f3n se repita la historia, esa que deja la duda de que vivimos una Elecci\u00f3n de Estado y maquinada por la Inteligencia Artificial (IA) . \u00a0<\/span><\/li>\n<li><span style=\"font-size: 14pt;\">Participar en forma m\u00e1s comprometida para cuidar las elecciones antes, durante y despu\u00e9s de las mismas, aprendiendo a trabajar con estrategia.<\/span><\/li>\n<li><span style=\"font-size: 14pt;\">Ser capaz de elegir racionalmente (evitando subjetividades) y defender en cada proceso el voto ciudadano, con todo, -se trate de la elecci\u00f3n que sea-, para asegurar mejores representantes populares en el presente y futuro para M\u00e9xico y Veracruz.<\/span><\/li>\n<li><span style=\"font-size: 14pt;\">Demostrar el amor a nuestro pa\u00eds y nuestro estado, defendiendo con garra el Estado de Derecho, la separaci\u00f3n de Poderes, y el respeto a las instituciones de la administraci\u00f3n p\u00fablica, como formas de preservar la rendici\u00f3n de cuentas y los equilibrios sociales, econ\u00f3micos y pol\u00edticos.<\/span><\/li>\n<li><span style=\"font-size: 14pt;\">Defender el valor de la democracia, como garant\u00eda que tienen los ciudadanos para vivir en un mundo equitativo, con justicia y en paz.<\/span><\/li>\n<\/ul>\n<p><span style=\"font-size: 14pt;\">\u00bfPara ello se necesitan lideres? No. Solo se necesitan cabezas inteligentes (informadas y convencidas) y millones de brazos y manos; brazos que no se doblen y, manos que no se vendan por unos cuantos pesos. Si colgamos los brazos y esperamos la puntilla de rodillas, entonces no nos quejemos y esperemos el juicio de la historia y de las nuevas generaciones que nos se\u00f1alar\u00e1n como cobardes y traidores.<\/span><\/p>\n<p><span style=\"font-size: 14pt;\">Cada uno de nosotros podemos ser l\u00edderes aliados de la democracia, desechando los antivalores de la pol\u00edtica y rescatando los valores que la prestigian.<\/span><\/p>\n<p><span style=\"font-size: 14pt;\">Busquemos y logremos la politizaci\u00f3n social, esa que pone en el centro los derechos humanos y la que rescata los valores que han prestigiado la pol\u00edtica ayer y hoy, pero pensando en el ma\u00f1ana. Debemos ir al rescate de los m\u00e1s altos valores sociales y pol\u00edticos y fomentarlos como buenos mexicanos desde donde nacen:\u00a0 la familia, la escuela, el trabajo, la comunidad. Si lo hacemos, nuestra consciencia podr\u00e1 estar tranquila porque habremos de trascender en la lucha y no en la resignaci\u00f3n.<\/span><\/p>\n<p><span style=\"font-size: 14pt;\">Gracias y hasta la proxima.<\/span><\/p>\n","protected":false},"excerpt":{"rendered":"<p>Dra. Zaida Alicia Llad\u00f3 Castillo \u201cNadie abandona el cargo de Presidente con el mismo prestigio o respeto que lo llev\u00f3<\/p>\n","protected":false},"author":4,"featured_media":40772,"comment_status":"closed","ping_status":"closed","sticky":false,"template":"","format":"standard","meta":{"colormag_page_container_layout":"default_layout","colormag_page_sidebar_layout":"default_layout","_jetpack_memberships_contains_paid_content":false,"footnotes":"","jetpack_publicize_message":"","jetpack_publicize_feature_enabled":true,"jetpack_social_post_already_shared":true,"jetpack_social_options":{"image_generator_settings":{"template":"highway","default_image_id":0,"font":"","enabled":false},"version":2}},"categories":[6],"tags":[],"class_list":["post-40771","post","type-post","status-publish","format-standard","has-post-thumbnail","hentry","category-columnistas"],"jetpack_publicize_connections":[],"jetpack_featured_media_url":"https:\/\/noticiasveracruz.com\/wp-content\/uploads\/2024\/09\/NV-DRA.-ZAIDA-LLADO.jpg","jetpack_sharing_enabled":true,"publishpress_future_action":{"enabled":false,"date":"2026-05-05 18:24:06","action":"change-status","newStatus":"draft","terms":[],"taxonomy":"category","extraData":[]},"publishpress_future_workflow_manual_trigger":{"enabledWorkflows":[]},"_links":{"self":[{"href":"https:\/\/noticiasveracruz.com\/index.php\/wp-json\/wp\/v2\/posts\/40771","targetHints":{"allow":["GET"]}}],"collection":[{"href":"https:\/\/noticiasveracruz.com\/index.php\/wp-json\/wp\/v2\/posts"}],"about":[{"href":"https:\/\/noticiasveracruz.com\/index.php\/wp-json\/wp\/v2\/types\/post"}],"author":[{"embeddable":true,"href":"https:\/\/noticiasveracruz.com\/index.php\/wp-json\/wp\/v2\/users\/4"}],"replies":[{"embeddable":true,"href":"https:\/\/noticiasveracruz.com\/index.php\/wp-json\/wp\/v2\/comments?post=40771"}],"version-history":[{"count":0,"href":"https:\/\/noticiasveracruz.com\/index.php\/wp-json\/wp\/v2\/posts\/40771\/revisions"}],"wp:featuredmedia":[{"embeddable":true,"href":"https:\/\/noticiasveracruz.com\/index.php\/wp-json\/wp\/v2\/media\/40772"}],"wp:attachment":[{"href":"https:\/\/noticiasveracruz.com\/index.php\/wp-json\/wp\/v2\/media?parent=40771"}],"wp:term":[{"taxonomy":"category","embeddable":true,"href":"https:\/\/noticiasveracruz.com\/index.php\/wp-json\/wp\/v2\/categories?post=40771"},{"taxonomy":"post_tag","embeddable":true,"href":"https:\/\/noticiasveracruz.com\/index.php\/wp-json\/wp\/v2\/tags?post=40771"}],"curies":[{"name":"wp","href":"https:\/\/api.w.org\/{rel}","templated":true}]}}