{"id":40769,"date":"2024-09-25T07:05:44","date_gmt":"2024-09-25T12:05:44","guid":{"rendered":"https:\/\/noticiasveracruz.com\/?p=40769"},"modified":"2024-09-25T00:49:31","modified_gmt":"2024-09-25T05:49:31","slug":"odio-encono-y-muerte-el-legado-de-amlo","status":"publish","type":"post","link":"https:\/\/noticiasveracruz.com\/index.php\/2024\/09\/25\/odio-encono-y-muerte-el-legado-de-amlo\/","title":{"rendered":"Odio, encono y muerte, el legado de AMLO"},"content":{"rendered":"<p><strong><span style=\"font-size: 14pt;\">Por Aurelio Contreras Moreno<\/span><\/strong><\/p>\n<p><span style=\"font-size: 14pt;\">Exactamente en una semana concluye el sexenio de Andr\u00e9s Manuel L\u00f3pez Obrador. Pr\u00e1cticamente no hay dato alguno \u2013real, no de los \u201cotros datos\u201d que se inventa el presidente saliente para torcer la realidad- que pruebe consistentemente desarrollo o crecimiento real para el pa\u00eds.<\/span><\/p>\n<p><span style=\"font-size: 14pt;\">Por el contrario, los indicadores en materia de salud, de educaci\u00f3n, de crecimiento econ\u00f3mico, de derechos humanos, de democracia, de libertad de expresi\u00f3n, de rendici\u00f3n de cuentas y principalmente de seguridad muestran retrocesos alarmantes, algunos incluso hist\u00f3ricos, de un gobierno manejado con las v\u00edsceras, con miles de prejuicios y con un sentido paternalista y patrimonialista que ya ha fracasado en un pasado al cual est\u00e1n llevando aceleradamente al pa\u00eds con reformas retr\u00f3gradas y autoritarias.<\/span><\/p>\n<p><span style=\"font-size: 14pt;\">La reforma militarista, junto con la que desmantela al Poder Judicial de la Federaci\u00f3n, son las m\u00e1s regresivas de todas las enmiendas legales impulsadas durante el sexenio que fenece y cuyo objetivo no es garantizar la seguridad, la paz ni el acceso a la justicia para la poblaci\u00f3n, sino establecer un control f\u00e9rreo, absoluto y autoritario sobre la vida p\u00fablica y hasta la privada de las y los mexicanos. Y si bien \u2013todav\u00eda- no puede afirmarse que se ha establecido una dictadura en M\u00e9xico, los factores que las distinguen se asoman cada vez con mayor temeridad.<\/span><\/p>\n<p><span style=\"font-size: 14pt;\">De contar con un sistema electoral que lleg\u00f3 a verdaderamente brindar certeza sobre el respeto al sufragio ciudadano y que cost\u00f3 d\u00e9cadas, vidas y mucha sangre construir, con el obradorismo se ha retrocedido de nueva cuenta a organismos cooptados por el poder, que conceden mayor\u00edas que no otorgaron las urnas y que fueron incapaces \u2013si no es que c\u00f3mplices- de frenar la oleada de ilegalidades que marcaron y mancharon la \u00faltima elecci\u00f3n, ileg\u00edtima de origen y que en ese pecado, llevar\u00e1 la penitencia.<\/span><\/p>\n<p><span style=\"font-size: 14pt;\">La restauraci\u00f3n autoritaria hacia \u2013por lo menos- un sistema de partido hegem\u00f3nico m\u00e1s sofisticado que el de la \u00e9poca priista lleva a una inevitable reducci\u00f3n de los m\u00e1rgenes para la libre manifestaci\u00f3n de la pluralidad de ideas. Pensar diferente, defender posturas divergentes o antag\u00f3nicas a las del poder hoy en d\u00eda es merecedor de ep\u00edtetos como el de \u201ctraidor a la patria\u201d, la m\u00e1s grave imputaci\u00f3n que se le pueda hacer a un ciudadano, y es la muestra di\u00e1fana de una creciente intolerancia que termina por acotar o suprimir libertades. La de pensar, en primer lugar.<\/span><\/p>\n<p><span style=\"font-size: 14pt;\">El efecto m\u00e1s pernicioso de esta situaci\u00f3n est\u00e1 a la vista. La sociedad mexicana est\u00e1 dividida, enfrentada como nunca antes, colocada en bandos irreconciliables que han provocado fracturas en familias, en amistades y en general en la convivencia cotidiana. Las diferencias de criterio y de pensamiento hoy se erigen como obst\u00e1culos insalvables gracias a una feroz propaganda que estigmatiza, y a un clientelismo desbordado que compra conciencias y logra que se justifique cualquier atrocidad, a cambio de migajas que solo esconden problemas que no se solucionan.<\/span><\/p>\n<p><span style=\"font-size: 14pt;\">La \u00faltima semana del sexenio transcurrir\u00e1 como corri\u00f3 todo este periodo: en medio de la violencia \u2013verbal, \u00fanico recurso discursivo del morenato; y f\u00edsica, con una cifra dantesca de casi 200 mil homicidios dolosos-, mientras la nueva-vieja clase gobernante se revuelca en el fango de una org\u00eda de poder que los mantiene ensoberbecidos y alejados de la realidad, \u00e9sa en la que los ciudadanos apenas sobreviven y que si reclaman, les caen a palos los muy \u201chumanistas\u201d y \u201ctransformadores\u201d restauradores del m\u00e1s viejo y arcaico r\u00e9gimen.<\/span><\/p>\n<p><span style=\"font-size: 14pt;\">Tan obsesionado que est\u00e1 L\u00f3pez Obrador con pasar como \u201ch\u00e9roe\u201d a la historia, para que su legado se reduzca a dejar al pa\u00eds hundido en el odio, el encono y la muerte. Pero eso fue lo \u00fanico que construy\u00f3. Y lo lamentar\u00e1n y padecer\u00e1n las pr\u00f3ximas generaciones.<\/span><\/p>\n","protected":false},"excerpt":{"rendered":"<p>Por Aurelio Contreras Moreno Exactamente en una semana concluye el sexenio de Andr\u00e9s Manuel L\u00f3pez Obrador. Pr\u00e1cticamente no hay dato<\/p>\n","protected":false},"author":4,"featured_media":39238,"comment_status":"closed","ping_status":"closed","sticky":false,"template":"","format":"standard","meta":{"colormag_page_container_layout":"default_layout","colormag_page_sidebar_layout":"default_layout","_jetpack_memberships_contains_paid_content":false,"footnotes":"","jetpack_publicize_message":"","jetpack_publicize_feature_enabled":true,"jetpack_social_post_already_shared":true,"jetpack_social_options":{"image_generator_settings":{"template":"highway","default_image_id":0,"font":"","enabled":false},"version":2}},"categories":[6],"tags":[],"class_list":["post-40769","post","type-post","status-publish","format-standard","has-post-thumbnail","hentry","category-columnistas"],"jetpack_publicize_connections":[],"jetpack_featured_media_url":"https:\/\/noticiasveracruz.com\/wp-content\/uploads\/2024\/09\/NV-RUBICA.jpg","jetpack_sharing_enabled":true,"publishpress_future_action":{"enabled":false,"date":"2026-05-05 17:59:32","action":"change-status","newStatus":"draft","terms":[],"taxonomy":"category","extraData":[]},"publishpress_future_workflow_manual_trigger":{"enabledWorkflows":[]},"_links":{"self":[{"href":"https:\/\/noticiasveracruz.com\/index.php\/wp-json\/wp\/v2\/posts\/40769","targetHints":{"allow":["GET"]}}],"collection":[{"href":"https:\/\/noticiasveracruz.com\/index.php\/wp-json\/wp\/v2\/posts"}],"about":[{"href":"https:\/\/noticiasveracruz.com\/index.php\/wp-json\/wp\/v2\/types\/post"}],"author":[{"embeddable":true,"href":"https:\/\/noticiasveracruz.com\/index.php\/wp-json\/wp\/v2\/users\/4"}],"replies":[{"embeddable":true,"href":"https:\/\/noticiasveracruz.com\/index.php\/wp-json\/wp\/v2\/comments?post=40769"}],"version-history":[{"count":0,"href":"https:\/\/noticiasveracruz.com\/index.php\/wp-json\/wp\/v2\/posts\/40769\/revisions"}],"wp:featuredmedia":[{"embeddable":true,"href":"https:\/\/noticiasveracruz.com\/index.php\/wp-json\/wp\/v2\/media\/39238"}],"wp:attachment":[{"href":"https:\/\/noticiasveracruz.com\/index.php\/wp-json\/wp\/v2\/media?parent=40769"}],"wp:term":[{"taxonomy":"category","embeddable":true,"href":"https:\/\/noticiasveracruz.com\/index.php\/wp-json\/wp\/v2\/categories?post=40769"},{"taxonomy":"post_tag","embeddable":true,"href":"https:\/\/noticiasveracruz.com\/index.php\/wp-json\/wp\/v2\/tags?post=40769"}],"curies":[{"name":"wp","href":"https:\/\/api.w.org\/{rel}","templated":true}]}}