{"id":40753,"date":"2024-09-25T00:37:53","date_gmt":"2024-09-25T05:37:53","guid":{"rendered":"https:\/\/noticiasveracruz.com\/?p=40753"},"modified":"2024-09-25T00:37:53","modified_gmt":"2024-09-25T05:37:53","slug":"mejora-el-clima-para-la-inflacion-se-desacelero-hasta-4-66-anual-en-la-primera-quincena-de-septiembre","status":"publish","type":"post","link":"https:\/\/noticiasveracruz.com\/index.php\/2024\/09\/25\/mejora-el-clima-para-la-inflacion-se-desacelero-hasta-4-66-anual-en-la-primera-quincena-de-septiembre\/","title":{"rendered":"Mejora el clima para la inflaci\u00f3n; se desaceler\u00f3 hasta 4.66% anual en la primera quincena de septiembre"},"content":{"rendered":"<div class=\"jsx-3315747106 resumeNew\">\n<p><span style=\"font-size: 14pt;\">La inflaci\u00f3n a los consumidores continu\u00f3 cediendo en la primera quincena de septiembre, desaceler\u00e1ndose hasta el 4.66% anual, de acuerdo con la informaci\u00f3n divulgada por el Inegi.\u00a0<\/span><\/p>\n<p><span style=\"font-size: 14pt;\">El clima jug\u00f3 a favor de la inflaci\u00f3n en M\u00e9xico, que en la primera quincena de septiembre report\u00f3 su cuarta lectura al hilo en desaceleraci\u00f3n, de acuerdo con los datos divulgados por el Instituto Nacional de Estad\u00edstica y Geograf\u00eda (Inegi).<\/span><\/p>\n<\/div>\n<div class=\"jsx-1764542821 newsbody\">\n<div class=\"jsx-1764542821\">\n<div id=\"readNote\" class=\"jsx-1764542821\">\n<div class=\"jsx-537108098\">\n<p class=\"jsx-3954459878\"><span style=\"font-size: 14pt;\">En la primera mitad del mes, el \u00cdndice Nacional de Precios al Consumidor (INPC) report\u00f3 una variaci\u00f3n quincenal de apenas 0.09%, con lo que a tasa anual los precios al consumidor incrementaron 4.66 por ciento.<\/span><\/p>\n<\/div>\n<\/div>\n<\/div>\n<\/div>\n","protected":false},"excerpt":{"rendered":"<p>La inflaci\u00f3n a los consumidores continu\u00f3 cediendo en la primera quincena de septiembre, desaceler\u00e1ndose hasta el 4.66% anual, de acuerdo<\/p>\n","protected":false},"author":4,"featured_media":40754,"comment_status":"closed","ping_status":"closed","sticky":false,"template":"","format":"standard","meta":{"colormag_page_container_layout":"default_layout","colormag_page_sidebar_layout":"default_layout","_jetpack_memberships_contains_paid_content":false,"footnotes":"","jetpack_publicize_message":"","jetpack_publicize_feature_enabled":true,"jetpack_social_post_already_shared":true,"jetpack_social_options":{"image_generator_settings":{"template":"highway","default_image_id":0,"font":"","enabled":false},"version":2}},"categories":[1947],"tags":[],"class_list":["post-40753","post","type-post","status-publish","format-standard","has-post-thumbnail","hentry","category-economia"],"jetpack_publicize_connections":[],"jetpack_featured_media_url":"https:\/\/noticiasveracruz.com\/wp-content\/uploads\/2024\/09\/large_inflacion_desacelera_a_4_66_en_primera_quincena_de_septiembre_943f24d229.jpg","jetpack_sharing_enabled":true,"publishpress_future_action":{"enabled":false,"date":"2026-05-05 20:01:24","action":"change-status","newStatus":"draft","terms":[],"taxonomy":"category","extraData":[]},"publishpress_future_workflow_manual_trigger":{"enabledWorkflows":[]},"_links":{"self":[{"href":"https:\/\/noticiasveracruz.com\/index.php\/wp-json\/wp\/v2\/posts\/40753","targetHints":{"allow":["GET"]}}],"collection":[{"href":"https:\/\/noticiasveracruz.com\/index.php\/wp-json\/wp\/v2\/posts"}],"about":[{"href":"https:\/\/noticiasveracruz.com\/index.php\/wp-json\/wp\/v2\/types\/post"}],"author":[{"embeddable":true,"href":"https:\/\/noticiasveracruz.com\/index.php\/wp-json\/wp\/v2\/users\/4"}],"replies":[{"embeddable":true,"href":"https:\/\/noticiasveracruz.com\/index.php\/wp-json\/wp\/v2\/comments?post=40753"}],"version-history":[{"count":0,"href":"https:\/\/noticiasveracruz.com\/index.php\/wp-json\/wp\/v2\/posts\/40753\/revisions"}],"wp:featuredmedia":[{"embeddable":true,"href":"https:\/\/noticiasveracruz.com\/index.php\/wp-json\/wp\/v2\/media\/40754"}],"wp:attachment":[{"href":"https:\/\/noticiasveracruz.com\/index.php\/wp-json\/wp\/v2\/media?parent=40753"}],"wp:term":[{"taxonomy":"category","embeddable":true,"href":"https:\/\/noticiasveracruz.com\/index.php\/wp-json\/wp\/v2\/categories?post=40753"},{"taxonomy":"post_tag","embeddable":true,"href":"https:\/\/noticiasveracruz.com\/index.php\/wp-json\/wp\/v2\/tags?post=40753"}],"curies":[{"name":"wp","href":"https:\/\/api.w.org\/{rel}","templated":true}]}}