{"id":40750,"date":"2024-09-25T00:31:32","date_gmt":"2024-09-25T05:31:32","guid":{"rendered":"https:\/\/noticiasveracruz.com\/?p=40750"},"modified":"2024-09-25T00:31:32","modified_gmt":"2024-09-25T05:31:32","slug":"autoridades-de-nuevo-leon-y-texas-firman-carta-de-intencion-para-ruta-ferroviaria-monterrey-laredo-austin","status":"publish","type":"post","link":"https:\/\/noticiasveracruz.com\/index.php\/2024\/09\/25\/autoridades-de-nuevo-leon-y-texas-firman-carta-de-intencion-para-ruta-ferroviaria-monterrey-laredo-austin\/","title":{"rendered":"Autoridades de Nuevo Le\u00f3n y Texas firman carta de intenci\u00f3n para ruta ferroviaria Monterrey-Laredo-Austin"},"content":{"rendered":"<div>\n<p><span style=\"font-size: 14pt;\"><strong>El gobernador de Nuevo Le\u00f3n, Samuel Garc\u00eda, quien firm\u00f3 como testigo de honor, enfatiz\u00f3 que este proyecto representa una oportunidad de desarrollo econ\u00f3mico, tur\u00edstico e industrial para ambas entidades.<\/strong><\/span><\/p>\n<\/div>\n<div>\n<div>\n<div><span style=\"font-size: 14pt;\">Para generar una mayor conectividad entre Nuevo Le\u00f3n\u00a0y\u00a0Texas,\u00a0el gobierno de Nuevo Le\u00f3n, a trav\u00e9s de la Secretar\u00eda de Econom\u00eda estatal y el Gobierno de Texas firmaron una Carta de Intenci\u00f3n para el desarrollo de una\u00a0ruta ferroviaria\u00a0de pasajeros desde Monterrey hasta Austin, Texas.<\/span><\/div>\n<\/div>\n<div>\n<div id=\"readNote\">\n<div>\n<p><span style=\"font-size: 14pt;\">Como testigo de honor de la carta de intenci\u00f3n, el gobernador Samuel Garc\u00eda Sep\u00falveda dijo que este proyecto representa una gran oportunidad de desarrollo econ\u00f3mico, tur\u00edstico e industrial, entre ambas entidades.<\/span><\/p>\n<\/div>\n<\/div>\n<\/div>\n<\/div>\n","protected":false},"excerpt":{"rendered":"<p>El gobernador de Nuevo Le\u00f3n, Samuel Garc\u00eda, quien firm\u00f3 como testigo de honor, enfatiz\u00f3 que este proyecto representa una oportunidad<\/p>\n","protected":false},"author":4,"featured_media":40751,"comment_status":"closed","ping_status":"closed","sticky":false,"template":"","format":"standard","meta":{"colormag_page_container_layout":"default_layout","colormag_page_sidebar_layout":"default_layout","_jetpack_memberships_contains_paid_content":false,"footnotes":"","jetpack_publicize_message":"","jetpack_publicize_feature_enabled":true,"jetpack_social_post_already_shared":true,"jetpack_social_options":{"image_generator_settings":{"template":"highway","default_image_id":0,"font":"","enabled":false},"version":2}},"categories":[145],"tags":[],"class_list":["post-40750","post","type-post","status-publish","format-standard","has-post-thumbnail","hentry","category-estados"],"jetpack_publicize_connections":[],"jetpack_featured_media_url":"https:\/\/noticiasveracruz.com\/wp-content\/uploads\/2024\/09\/nuevo_leon_samuel_garcia_austin_nuevo_laredo_acuerdo_ferroviario_cortesia.png_554688468.png","jetpack_sharing_enabled":true,"publishpress_future_action":{"enabled":false,"date":"2026-05-05 20:18:42","action":"change-status","newStatus":"draft","terms":[],"taxonomy":"category","extraData":[]},"publishpress_future_workflow_manual_trigger":{"enabledWorkflows":[]},"_links":{"self":[{"href":"https:\/\/noticiasveracruz.com\/index.php\/wp-json\/wp\/v2\/posts\/40750","targetHints":{"allow":["GET"]}}],"collection":[{"href":"https:\/\/noticiasveracruz.com\/index.php\/wp-json\/wp\/v2\/posts"}],"about":[{"href":"https:\/\/noticiasveracruz.com\/index.php\/wp-json\/wp\/v2\/types\/post"}],"author":[{"embeddable":true,"href":"https:\/\/noticiasveracruz.com\/index.php\/wp-json\/wp\/v2\/users\/4"}],"replies":[{"embeddable":true,"href":"https:\/\/noticiasveracruz.com\/index.php\/wp-json\/wp\/v2\/comments?post=40750"}],"version-history":[{"count":0,"href":"https:\/\/noticiasveracruz.com\/index.php\/wp-json\/wp\/v2\/posts\/40750\/revisions"}],"wp:featuredmedia":[{"embeddable":true,"href":"https:\/\/noticiasveracruz.com\/index.php\/wp-json\/wp\/v2\/media\/40751"}],"wp:attachment":[{"href":"https:\/\/noticiasveracruz.com\/index.php\/wp-json\/wp\/v2\/media?parent=40750"}],"wp:term":[{"taxonomy":"category","embeddable":true,"href":"https:\/\/noticiasveracruz.com\/index.php\/wp-json\/wp\/v2\/categories?post=40750"},{"taxonomy":"post_tag","embeddable":true,"href":"https:\/\/noticiasveracruz.com\/index.php\/wp-json\/wp\/v2\/tags?post=40750"}],"curies":[{"name":"wp","href":"https:\/\/api.w.org\/{rel}","templated":true}]}}