{"id":40658,"date":"2024-09-24T00:08:43","date_gmt":"2024-09-24T05:08:43","guid":{"rendered":"https:\/\/noticiasveracruz.com\/?p=40658"},"modified":"2024-09-24T00:08:43","modified_gmt":"2024-09-24T05:08:43","slug":"preparan-denuncia-contra-pemex-por-impacto-ecologico-en-papantla","status":"publish","type":"post","link":"https:\/\/noticiasveracruz.com\/index.php\/2024\/09\/24\/preparan-denuncia-contra-pemex-por-impacto-ecologico-en-papantla\/","title":{"rendered":"Preparan denuncia contra Pemex por impacto ecol\u00f3gico en Papantla"},"content":{"rendered":"<p><span style=\"font-size: 14pt;\">Habitantes de la comunidad Ojital Viejo del municipio de Papantla preparan denuncia en contra de Petr\u00f3leos Mexicanos, ante la afectaci\u00f3n ambiental que el pasado derrame de hidrocarburo ha ocasionado en una extensi\u00f3n de casi 10 kil\u00f3metros, sobre los que se encuentran, viviendas, pozos artesianos, arroyos y ollas ganaderas que hoy quedaron reducidas a charcos de petr\u00f3leo.<\/span><\/p>\n<p><span style=\"font-size: 14pt;\">El derrame se origin\u00f3 el pasado 21 de agosto, la medida de contenci\u00f3n fue paliativa; las lluvias del 15 de septiembre en la regi\u00f3n dispersaron el crudo por estos 10 kil\u00f3metros, dimensi\u00f3n para lo cual en recorrido este lunes 23 de septiembre por la zona afectada, solo se observ\u00f3 a menos de 10 trabajadores realizando labores de limpieza con rastrillos y palas.<\/span><\/p>\n<p><span style=\"font-size: 14pt;\">Autoridades de PEMEX presentes explicaron que solo se estaba aplicando material de la misma \u00e1rea, palmas y cocos para generar una barrera natural de \u00abcontenci\u00f3n\u00bb ya que no se contaba con otro tipo de material como solventes org\u00e1nicos por el momento.<\/span><\/p>\n<p><span style=\"font-size: 14pt;\">Asimismo arribaron este d\u00eda a la zona, personal de Protecci\u00f3n Contra Riesgos Sanitarios , quienes se comprometieron a realizar monitoreo de calidad del agua este martes 24 de septiembre.<\/span><\/p>\n<p><span style=\"font-size: 14pt;\">Habitantes lamentan que ninguna autoridad ambiental est\u00e9 presente y ejecutando los protocolos necesarios; solo la poblaci\u00f3n civil voluntaria se ha dado a la tarea de apoyar con el rescate de animales.<\/span><\/p>\n<p><span style=\"font-size: 14pt;\">De acuerdo a\u00a0 Romualdo Garc\u00eda de Luna, Integrante del Consejo de Abuelos, les preocupa las lluvias porque \u00e9stas seguir\u00e1n dispersando el material acumulado hacia otras comunidades aleda\u00f1as.<\/span><\/p>\n","protected":false},"excerpt":{"rendered":"<p>Habitantes de la comunidad Ojital Viejo del municipio de Papantla preparan denuncia en contra de Petr\u00f3leos Mexicanos, ante la afectaci\u00f3n<\/p>\n","protected":false},"author":4,"featured_media":40659,"comment_status":"closed","ping_status":"closed","sticky":false,"template":"","format":"standard","meta":{"colormag_page_container_layout":"default_layout","colormag_page_sidebar_layout":"default_layout","_jetpack_memberships_contains_paid_content":false,"footnotes":"","jetpack_publicize_message":"","jetpack_publicize_feature_enabled":true,"jetpack_social_post_already_shared":true,"jetpack_social_options":{"image_generator_settings":{"template":"highway","default_image_id":0,"font":"","enabled":false},"version":2}},"categories":[356],"tags":[],"class_list":["post-40658","post","type-post","status-publish","format-standard","has-post-thumbnail","hentry","category-veracruz"],"jetpack_publicize_connections":[],"jetpack_featured_media_url":"https:\/\/noticiasveracruz.com\/wp-content\/uploads\/2024\/09\/preparan-denuncia-contra-de-pemex-por-impacto-ecologico-en-papantla-553447.jpeg","jetpack_sharing_enabled":true,"publishpress_future_action":{"enabled":false,"date":"2026-05-10 06:05:16","action":"change-status","newStatus":"draft","terms":[],"taxonomy":"category","extraData":[]},"publishpress_future_workflow_manual_trigger":{"enabledWorkflows":[]},"_links":{"self":[{"href":"https:\/\/noticiasveracruz.com\/index.php\/wp-json\/wp\/v2\/posts\/40658","targetHints":{"allow":["GET"]}}],"collection":[{"href":"https:\/\/noticiasveracruz.com\/index.php\/wp-json\/wp\/v2\/posts"}],"about":[{"href":"https:\/\/noticiasveracruz.com\/index.php\/wp-json\/wp\/v2\/types\/post"}],"author":[{"embeddable":true,"href":"https:\/\/noticiasveracruz.com\/index.php\/wp-json\/wp\/v2\/users\/4"}],"replies":[{"embeddable":true,"href":"https:\/\/noticiasveracruz.com\/index.php\/wp-json\/wp\/v2\/comments?post=40658"}],"version-history":[{"count":0,"href":"https:\/\/noticiasveracruz.com\/index.php\/wp-json\/wp\/v2\/posts\/40658\/revisions"}],"wp:featuredmedia":[{"embeddable":true,"href":"https:\/\/noticiasveracruz.com\/index.php\/wp-json\/wp\/v2\/media\/40659"}],"wp:attachment":[{"href":"https:\/\/noticiasveracruz.com\/index.php\/wp-json\/wp\/v2\/media?parent=40658"}],"wp:term":[{"taxonomy":"category","embeddable":true,"href":"https:\/\/noticiasveracruz.com\/index.php\/wp-json\/wp\/v2\/categories?post=40658"},{"taxonomy":"post_tag","embeddable":true,"href":"https:\/\/noticiasveracruz.com\/index.php\/wp-json\/wp\/v2\/tags?post=40658"}],"curies":[{"name":"wp","href":"https:\/\/api.w.org\/{rel}","templated":true}]}}