{"id":40655,"date":"2024-09-23T19:29:06","date_gmt":"2024-09-24T00:29:06","guid":{"rendered":"https:\/\/noticiasveracruz.com\/?p=40655"},"modified":"2024-09-23T19:29:06","modified_gmt":"2024-09-24T00:29:06","slug":"la-banda-sinfonica-de-la-secretaria-de-marina-armada-de-mexico-dara-un-gran-concierto-en-tuxpan-este-miercoles-25-de-septiembre","status":"publish","type":"post","link":"https:\/\/noticiasveracruz.com\/index.php\/2024\/09\/23\/la-banda-sinfonica-de-la-secretaria-de-marina-armada-de-mexico-dara-un-gran-concierto-en-tuxpan-este-miercoles-25-de-septiembre\/","title":{"rendered":"La Banda Sinf\u00f3nica de la Secretar\u00eda de Marina Armada de M\u00e9xico dar\u00e1 un gran concierto en Tuxpan, este mi\u00e9rcoles 25 de septiembre"},"content":{"rendered":"<p><span style=\"font-size: 14pt;\"><strong>\u2022 Ser\u00e1 a las 17:00 horas, en la Carpa Arena del Hotel Royal Garden, Av. Manuel Maples Arce 170, La Calzada<\/strong><\/span><\/p>\n<p><span style=\"font-size: 14pt;\">Tuxpan, Ver.- El Gobierno de Tuxpan y la Universidad Veracruzana, en el marco de su 80 Aniversario, invitan al Concierto de la Banda Sinf\u00f3nica de la Secretar\u00eda de Marina Armada de M\u00e9xico, este mi\u00e9rcoles 25 de septiembre, a las 17:00 horas, en la Carpa Arena del Hotel Royal Garden, Av. Manuel Maples Arce 170, La Calzada.<\/span><\/p>\n<p><span style=\"font-size: 14pt;\">Cabe mencionar que este evento ten\u00eda como sede la Plaza C\u00edvica; sin embargo, por los pron\u00f3sticos de lluvia, se llevar\u00e1 a cabo en la Carpa Arena del Hotel Royal Garden.<\/span><\/p>\n<p><span style=\"font-size: 14pt;\">El alcalde Jos\u00e9 Manuel Pozos Castro dio a conocer que el concierto ser\u00e1 totalmente gratuito e invit\u00f3 a toda la ciudadan\u00eda a la presentaci\u00f3n de esta banda sinf\u00f3nica.<\/span><\/p>\n<p><span style=\"font-size: 14pt;\">El concierto se enmarca en el contexto hist\u00f3rico de la conmemoraci\u00f3n del \u201c23 de Noviembre de 1914: Devoluci\u00f3n del Puerto de Veracruz al Gobierno de M\u00e9xico\u201d.<\/span><\/p>\n<p><span style=\"font-size: 14pt;\">Se tendr\u00e1 una charla previa de la Dra. Cecilia S\u00e1nchez-Hidalgo, del Instituto de Investigaciones Hist\u00f3rico-Sociales de la Universidad Veracruzana.<\/span><\/p>\n<p><span style=\"font-size: 14pt;\">Es importante destacar que esta presentaci\u00f3n \u00fanica es parte del ciclo \u201cM\u00fasica y Contexto o el Sonido como Historia\u201d, temporada 2024.<\/span><\/p>\n","protected":false},"excerpt":{"rendered":"<p>\u2022 Ser\u00e1 a las 17:00 horas, en la Carpa Arena del Hotel Royal Garden, Av. Manuel Maples Arce 170, La<\/p>\n","protected":false},"author":4,"featured_media":40656,"comment_status":"closed","ping_status":"closed","sticky":false,"template":"","format":"standard","meta":{"colormag_page_container_layout":"default_layout","colormag_page_sidebar_layout":"default_layout","_jetpack_memberships_contains_paid_content":false,"footnotes":"","jetpack_publicize_message":"","jetpack_publicize_feature_enabled":true,"jetpack_social_post_already_shared":true,"jetpack_social_options":{"image_generator_settings":{"template":"highway","default_image_id":0,"font":"","enabled":false},"version":2}},"categories":[3372,356],"tags":[],"class_list":["post-40655","post","type-post","status-publish","format-standard","has-post-thumbnail","hentry","category-gobierno-tuxpan","category-veracruz"],"jetpack_publicize_connections":[],"jetpack_featured_media_url":"https:\/\/noticiasveracruz.com\/wp-content\/uploads\/2024\/09\/fdc17d3a-5986-4cf4-bb0c-56b0a84aa6ed.jpg","jetpack_sharing_enabled":true,"publishpress_future_action":{"enabled":false,"date":"2026-05-10 04:26:09","action":"change-status","newStatus":"draft","terms":[],"taxonomy":"category","extraData":[]},"publishpress_future_workflow_manual_trigger":{"enabledWorkflows":[]},"_links":{"self":[{"href":"https:\/\/noticiasveracruz.com\/index.php\/wp-json\/wp\/v2\/posts\/40655","targetHints":{"allow":["GET"]}}],"collection":[{"href":"https:\/\/noticiasveracruz.com\/index.php\/wp-json\/wp\/v2\/posts"}],"about":[{"href":"https:\/\/noticiasveracruz.com\/index.php\/wp-json\/wp\/v2\/types\/post"}],"author":[{"embeddable":true,"href":"https:\/\/noticiasveracruz.com\/index.php\/wp-json\/wp\/v2\/users\/4"}],"replies":[{"embeddable":true,"href":"https:\/\/noticiasveracruz.com\/index.php\/wp-json\/wp\/v2\/comments?post=40655"}],"version-history":[{"count":0,"href":"https:\/\/noticiasveracruz.com\/index.php\/wp-json\/wp\/v2\/posts\/40655\/revisions"}],"wp:featuredmedia":[{"embeddable":true,"href":"https:\/\/noticiasveracruz.com\/index.php\/wp-json\/wp\/v2\/media\/40656"}],"wp:attachment":[{"href":"https:\/\/noticiasveracruz.com\/index.php\/wp-json\/wp\/v2\/media?parent=40655"}],"wp:term":[{"taxonomy":"category","embeddable":true,"href":"https:\/\/noticiasveracruz.com\/index.php\/wp-json\/wp\/v2\/categories?post=40655"},{"taxonomy":"post_tag","embeddable":true,"href":"https:\/\/noticiasveracruz.com\/index.php\/wp-json\/wp\/v2\/tags?post=40655"}],"curies":[{"name":"wp","href":"https:\/\/api.w.org\/{rel}","templated":true}]}}