{"id":40649,"date":"2024-09-23T13:45:08","date_gmt":"2024-09-23T18:45:08","guid":{"rendered":"https:\/\/noticiasveracruz.com\/?p=40649"},"modified":"2024-09-23T13:45:08","modified_gmt":"2024-09-23T18:45:08","slug":"conmemoran-en-lunes-civico-la-consumacion-de-la-independencia-de-mexico","status":"publish","type":"post","link":"https:\/\/noticiasveracruz.com\/index.php\/2024\/09\/23\/conmemoran-en-lunes-civico-la-consumacion-de-la-independencia-de-mexico\/","title":{"rendered":"Conmemoran en Lunes C\u00edvico la Consumaci\u00f3n de la Independencia de M\u00e9xico"},"content":{"rendered":"<p><span style=\"font-size: 14pt;\">En el marco de la conmemoraci\u00f3n de la Consumaci\u00f3n de la Independencia de M\u00e9xico que se celebra el pr\u00f3ximo 27 de septiembre, esta ma\u00f1ana el gobierno de Tuxpan llev\u00f3 a cabo el Lunes C\u00edvico, en la explanada municipal.<\/span><\/p>\n<p><span style=\"font-size: 14pt;\">Participaron alumnas, alumnos y personal docente del Colegio Francisco Javier Clavijero.<\/span><\/p>\n<p><span style=\"font-size: 14pt;\">Encabezaron el acto el Prof. Jorge Arturo Garc\u00eda Robles, director de Educaci\u00f3n, en representaci\u00f3n del alcalde Jos\u00e9 Manuel Pozos Castro; la s\u00edndica \u00fanica Mtra. Beatriz Pi\u00f1a Vergara; el subteniente de infanter\u00eda Joel Valdez Ramos, en representaci\u00f3n de la 19\u00aa Zona Militar.<\/span><\/p>\n<p><span style=\"font-size: 14pt;\">El Prof. Demner Aquino Butr\u00f3n, subdirector del colegio participante; la Lic. Yeni Elizabeth D\u00edaz Quevedo, coordinadora de zona Tuxpan del IVEA; la Lic. Mar\u00eda In\u00e9s Cruz Velasco, de la Delegaci\u00f3n Regional de la SEV; la Lic. Estafani Isabel Cobos, representante de la Regidur\u00eda S\u00e9ptima, y la Mtra. Mar\u00eda de la Soledad Miquelajauregui Guzm\u00e1n, directora de Museos y Bibliotecas.<\/span><\/p>\n<p><span style=\"font-size: 14pt;\">La alumna Areli Fernanda dirigi\u00f3 el Juramento a la Bandera, y los estudiantes Axel Daniel, Nahomi Giselle, Celeste Ikzamara, Dannia, Jeffrey Amir, Santos de Jes\u00fas y Michelle expusieron las efem\u00e9rides de esta semana.<\/span><\/p>\n<p><span style=\"font-size: 14pt;\">De la misma manera, la estudiante Fernanda Nicole present\u00f3 una rese\u00f1a hist\u00f3rica de la Consumaci\u00f3n de la Independencia y un tr\u00edo de flautas interpret\u00f3 la canci\u00f3n \u201cCielito lindo\u201d.<\/span><\/p>\n<p><span style=\"font-size: 14pt;\">En el acto tambi\u00e9n estuvieron presentes personal docente y directivo, as\u00ed como padres de familia de los alumnos participantes; directores y coordinadores de las diferentes \u00e1reas del Ayuntamiento; integrantes de la Secci\u00f3n de Fusileros y la Banda de Guerra del 39\u00ba Batall\u00f3n de Infanter\u00eda, elementos de la Polic\u00eda Municipal, Protecci\u00f3n Civil y Bomberos.<\/span><\/p>\n","protected":false},"excerpt":{"rendered":"<p>En el marco de la conmemoraci\u00f3n de la Consumaci\u00f3n de la Independencia de M\u00e9xico que se celebra el pr\u00f3ximo 27<\/p>\n","protected":false},"author":4,"featured_media":40650,"comment_status":"closed","ping_status":"closed","sticky":false,"template":"","format":"standard","meta":{"colormag_page_container_layout":"default_layout","colormag_page_sidebar_layout":"default_layout","_jetpack_memberships_contains_paid_content":false,"footnotes":"","jetpack_publicize_message":"","jetpack_publicize_feature_enabled":true,"jetpack_social_post_already_shared":true,"jetpack_social_options":{"image_generator_settings":{"template":"highway","default_image_id":0,"font":"","enabled":false},"version":2}},"categories":[3372,356],"tags":[],"class_list":["post-40649","post","type-post","status-publish","format-standard","has-post-thumbnail","hentry","category-gobierno-tuxpan","category-veracruz"],"jetpack_publicize_connections":[],"jetpack_featured_media_url":"https:\/\/noticiasveracruz.com\/wp-content\/uploads\/2024\/09\/e39bf1c2-13ed-48f9-bbd7-f7916d0039e3.jpg","jetpack_sharing_enabled":true,"publishpress_future_action":{"enabled":false,"date":"2026-05-10 04:25:34","action":"change-status","newStatus":"draft","terms":[],"taxonomy":"category","extraData":[]},"publishpress_future_workflow_manual_trigger":{"enabledWorkflows":[]},"_links":{"self":[{"href":"https:\/\/noticiasveracruz.com\/index.php\/wp-json\/wp\/v2\/posts\/40649","targetHints":{"allow":["GET"]}}],"collection":[{"href":"https:\/\/noticiasveracruz.com\/index.php\/wp-json\/wp\/v2\/posts"}],"about":[{"href":"https:\/\/noticiasveracruz.com\/index.php\/wp-json\/wp\/v2\/types\/post"}],"author":[{"embeddable":true,"href":"https:\/\/noticiasveracruz.com\/index.php\/wp-json\/wp\/v2\/users\/4"}],"replies":[{"embeddable":true,"href":"https:\/\/noticiasveracruz.com\/index.php\/wp-json\/wp\/v2\/comments?post=40649"}],"version-history":[{"count":0,"href":"https:\/\/noticiasveracruz.com\/index.php\/wp-json\/wp\/v2\/posts\/40649\/revisions"}],"wp:featuredmedia":[{"embeddable":true,"href":"https:\/\/noticiasveracruz.com\/index.php\/wp-json\/wp\/v2\/media\/40650"}],"wp:attachment":[{"href":"https:\/\/noticiasveracruz.com\/index.php\/wp-json\/wp\/v2\/media?parent=40649"}],"wp:term":[{"taxonomy":"category","embeddable":true,"href":"https:\/\/noticiasveracruz.com\/index.php\/wp-json\/wp\/v2\/categories?post=40649"},{"taxonomy":"post_tag","embeddable":true,"href":"https:\/\/noticiasveracruz.com\/index.php\/wp-json\/wp\/v2\/tags?post=40649"}],"curies":[{"name":"wp","href":"https:\/\/api.w.org\/{rel}","templated":true}]}}