{"id":40647,"date":"2024-09-23T13:33:43","date_gmt":"2024-09-23T18:33:43","guid":{"rendered":"https:\/\/noticiasveracruz.com\/?p=40647"},"modified":"2024-09-23T13:33:43","modified_gmt":"2024-09-23T18:33:43","slug":"la-autarquia-del-presidente","status":"publish","type":"post","link":"https:\/\/noticiasveracruz.com\/index.php\/2024\/09\/23\/la-autarquia-del-presidente\/","title":{"rendered":"\u00a1\u00a1\u00a1LA AUTARQU\u00cdA DEL PRESIDENTE!!!"},"content":{"rendered":"<p><span style=\"font-size: 14pt;\">En la decadencia de la desafortunada e infausta gobernanza de Andr\u00e9s Manuel L\u00f3pez Obrador y su mal llamada Cuarta Transformaci\u00f3n de la Naci\u00f3n, la Academia de Derecho Penal del Colegio Nacional de Abogados Foro de M\u00e9xico agregar\u00eda, complementando todos sus pensamientos ya escritos, que el Estado de Derecho acabar\u00e1 por imponerse a las decretales, ingeniosidades, ocurrencias, razonamientos y conceptos expuestos por ese mal dirigente de los destinos de nuestra Rep\u00fablica.<\/span><\/p>\n<p><span style=\"font-size: 14pt;\">El liceo de referencia no habr\u00e1 de entrar en mayores consideraciones sobre el tema por no alargar de manera desproporcionada su pensar jur\u00eddico. Solo se limitar\u00e1, pues, a apuntar vestigios al amparo de nuestro derecho nacional.<\/span><\/p>\n<p><span style=\"font-size: 14pt;\">Una de las principales caracter\u00edsticas de quien actu\u00f3 en \u00e9stos \u00faltimos a\u00f1os como Primer Magistrado de la Naci\u00f3n, fue la aplicaci\u00f3n de su manera de pensar y opinar en forma coercitiva, o, como dir\u00eda elegantemente N\u00e9stor de Buen Lozano, su impositividad, consecuencia de su autarqu\u00eda, que consisti\u00f3 en someter su voluntad independientemente de la voluntad del Derecho, de la ley y del Pacto Federal.<\/span><\/p>\n<p><span style=\"font-size: 14pt;\">En sentir de la abogac\u00eda independiente de la Rep\u00fablica las leyes de M\u00e9xico no son ni ser\u00e1n las adecuadas para efectuar canalladas; sus preceptos en la absurda opini\u00f3n de ese Jefe Supremo de las Fuerzas Armadas, fueron susceptibles de ignorarse y violarse en vista de los otros datos que dijo manejar. Todo ello se deduce en los decretos y actos de gobierno que efect\u00fao durante su mandato, con especial menci\u00f3n, a su Reforma Judicial.<\/span><\/p>\n<p><span style=\"font-size: 14pt;\">En concepto de muchas togas de la Rep\u00fablica, la inclinaci\u00f3n de diputados y senadores del Congreso de la Uni\u00f3n signific\u00f3 \u201cel someterse a la voluntad y mandatos del Poder Ejecutivo Federal\u201d. Para esos exc\u00e9ntricos era obligatorio rendirse, esto es, subyugarse rastreramente a la voluntad presidencial y no cumplir en su caso lo mandatado por la Carta de Carranza.<\/span><\/p>\n<p><span style=\"font-size: 14pt;\">Con raz\u00f3n hoy M\u00e9xico afirma, que siendo las imposiciones del Poder Ejecutivo Federal las notas esenciales de su mal entendido derecho, al faltar a la letra de la ley se impuso un desatinado derecho; ahora bien, el Estado de Derecho que por tradici\u00f3n se ven\u00eda aplicando antes del neoliberalismo y de su cuarta transformaci\u00f3n, a futuro deber\u00e1 de ser aplicado a contrario sensu de esas imposiciones coactivas para desconocer a nuestro \u00fanico Estado de Derecho; solo existe esa posibilidad para retomar el rumbo ascendente que merece nuestra Naci\u00f3n.<\/span><\/p>\n<p><span style=\"font-size: 14pt;\">Para conocimiento de ese cretino y necio gobernante, hoy, que se va, habr\u00e1 que decirle que existen mandatos de jerarqu\u00eda superior a su pensar y, a futuro pr\u00f3ximo sus \u201cbandos reales\u201d deber\u00e1n de subordinarse al \u00fanico Estado de Derecho.<\/span><\/p>\n<p>&nbsp;<\/p>\n<p><span style=\"font-size: 14pt;\">Es cu\u00e1nto.<\/span><\/p>\n<p><span style=\"font-size: 14pt;\">Lic. Alberto Woolrich Ort\u00edz.<\/span><\/p>\n","protected":false},"excerpt":{"rendered":"<p>En la decadencia de la desafortunada e infausta gobernanza de Andr\u00e9s Manuel L\u00f3pez Obrador y su mal llamada Cuarta Transformaci\u00f3n<\/p>\n","protected":false},"author":4,"featured_media":39135,"comment_status":"closed","ping_status":"closed","sticky":false,"template":"","format":"standard","meta":{"colormag_page_container_layout":"default_layout","colormag_page_sidebar_layout":"default_layout","_jetpack_memberships_contains_paid_content":false,"footnotes":"","jetpack_publicize_message":"","jetpack_publicize_feature_enabled":true,"jetpack_social_post_already_shared":true,"jetpack_social_options":{"image_generator_settings":{"template":"highway","default_image_id":0,"font":"","enabled":false},"version":2}},"categories":[6],"tags":[],"class_list":["post-40647","post","type-post","status-publish","format-standard","has-post-thumbnail","hentry","category-columnistas"],"jetpack_publicize_connections":[],"jetpack_featured_media_url":"https:\/\/noticiasveracruz.com\/wp-content\/uploads\/2024\/09\/NV-ALBERTO-WOOLRICH.jpg","jetpack_sharing_enabled":true,"publishpress_future_action":{"enabled":false,"date":"2026-05-10 06:05:55","action":"change-status","newStatus":"draft","terms":[],"taxonomy":"category","extraData":[]},"publishpress_future_workflow_manual_trigger":{"enabledWorkflows":[]},"_links":{"self":[{"href":"https:\/\/noticiasveracruz.com\/index.php\/wp-json\/wp\/v2\/posts\/40647","targetHints":{"allow":["GET"]}}],"collection":[{"href":"https:\/\/noticiasveracruz.com\/index.php\/wp-json\/wp\/v2\/posts"}],"about":[{"href":"https:\/\/noticiasveracruz.com\/index.php\/wp-json\/wp\/v2\/types\/post"}],"author":[{"embeddable":true,"href":"https:\/\/noticiasveracruz.com\/index.php\/wp-json\/wp\/v2\/users\/4"}],"replies":[{"embeddable":true,"href":"https:\/\/noticiasveracruz.com\/index.php\/wp-json\/wp\/v2\/comments?post=40647"}],"version-history":[{"count":0,"href":"https:\/\/noticiasveracruz.com\/index.php\/wp-json\/wp\/v2\/posts\/40647\/revisions"}],"wp:featuredmedia":[{"embeddable":true,"href":"https:\/\/noticiasveracruz.com\/index.php\/wp-json\/wp\/v2\/media\/39135"}],"wp:attachment":[{"href":"https:\/\/noticiasveracruz.com\/index.php\/wp-json\/wp\/v2\/media?parent=40647"}],"wp:term":[{"taxonomy":"category","embeddable":true,"href":"https:\/\/noticiasveracruz.com\/index.php\/wp-json\/wp\/v2\/categories?post=40647"},{"taxonomy":"post_tag","embeddable":true,"href":"https:\/\/noticiasveracruz.com\/index.php\/wp-json\/wp\/v2\/tags?post=40647"}],"curies":[{"name":"wp","href":"https:\/\/api.w.org\/{rel}","templated":true}]}}