{"id":40634,"date":"2024-09-23T08:17:52","date_gmt":"2024-09-23T13:17:52","guid":{"rendered":"https:\/\/noticiasveracruz.com\/?p=40634"},"modified":"2024-09-23T08:17:52","modified_gmt":"2024-09-23T13:17:52","slug":"asesinan-a-8-personas-con-casi-200-tiros-en-guatemala","status":"publish","type":"post","link":"https:\/\/noticiasveracruz.com\/index.php\/2024\/09\/23\/asesinan-a-8-personas-con-casi-200-tiros-en-guatemala\/","title":{"rendered":"Asesinan a 8 personas con casi 200 tiros en Guatemala"},"content":{"rendered":"<p><span style=\"font-size: 14pt;\">Al menos\u00a0seis hombres y dos mujeres\u00a0fueron\u00a0asesinadas a tiros, con casi 200 balas, cuando conduc\u00edan en un autom\u00f3vil en el extremo norte de\u00a0Guatemala, seg\u00fan confirmaron este domingo diversas fuentes.<\/span><\/p>\n<p><span style=\"font-size: 14pt;\">El\u00a0atentado\u00a0tuvo lugar el s\u00e1bado en el departamento (provincia) de Pet\u00e9n, unos 500 kil\u00f3metros al norte de la Ciudad de Guatemala,\u00a0cerca de la frontera con M\u00e9xico, de acuerdo a medios locales.<\/span><\/p>\n<p><span style=\"font-size: 14pt;\">El\u00a0Ministerio P\u00fablico\u00a0(Fiscal\u00eda) subray\u00f3 este domingo que ya se encuentra en el lugar del atentado, en el municipio de San Andr\u00e9s, siempre en Pet\u00e9n, y que recuperaron al menos 198 \u00abindicios bal\u00edsticos de distintos calibres\u00bb.<\/span><\/p>\n","protected":false},"excerpt":{"rendered":"<p>Al menos\u00a0seis hombres y dos mujeres\u00a0fueron\u00a0asesinadas a tiros, con casi 200 balas, cuando conduc\u00edan en un autom\u00f3vil en el extremo<\/p>\n","protected":false},"author":4,"featured_media":40635,"comment_status":"closed","ping_status":"closed","sticky":false,"template":"","format":"standard","meta":{"colormag_page_container_layout":"default_layout","colormag_page_sidebar_layout":"default_layout","_jetpack_memberships_contains_paid_content":false,"footnotes":"","jetpack_publicize_message":"","jetpack_publicize_feature_enabled":true,"jetpack_social_post_already_shared":true,"jetpack_social_options":{"image_generator_settings":{"template":"highway","default_image_id":0,"font":"","enabled":false},"version":2}},"categories":[355],"tags":[],"class_list":["post-40634","post","type-post","status-publish","format-standard","has-post-thumbnail","hentry","category-internacional"],"jetpack_publicize_connections":[],"jetpack_featured_media_url":"https:\/\/noticiasveracruz.com\/wp-content\/uploads\/2024\/09\/Guatemala.png","jetpack_sharing_enabled":true,"publishpress_future_action":{"enabled":false,"date":"2026-05-10 03:43:43","action":"change-status","newStatus":"draft","terms":[],"taxonomy":"category","extraData":[]},"publishpress_future_workflow_manual_trigger":{"enabledWorkflows":[]},"_links":{"self":[{"href":"https:\/\/noticiasveracruz.com\/index.php\/wp-json\/wp\/v2\/posts\/40634","targetHints":{"allow":["GET"]}}],"collection":[{"href":"https:\/\/noticiasveracruz.com\/index.php\/wp-json\/wp\/v2\/posts"}],"about":[{"href":"https:\/\/noticiasveracruz.com\/index.php\/wp-json\/wp\/v2\/types\/post"}],"author":[{"embeddable":true,"href":"https:\/\/noticiasveracruz.com\/index.php\/wp-json\/wp\/v2\/users\/4"}],"replies":[{"embeddable":true,"href":"https:\/\/noticiasveracruz.com\/index.php\/wp-json\/wp\/v2\/comments?post=40634"}],"version-history":[{"count":0,"href":"https:\/\/noticiasveracruz.com\/index.php\/wp-json\/wp\/v2\/posts\/40634\/revisions"}],"wp:featuredmedia":[{"embeddable":true,"href":"https:\/\/noticiasveracruz.com\/index.php\/wp-json\/wp\/v2\/media\/40635"}],"wp:attachment":[{"href":"https:\/\/noticiasveracruz.com\/index.php\/wp-json\/wp\/v2\/media?parent=40634"}],"wp:term":[{"taxonomy":"category","embeddable":true,"href":"https:\/\/noticiasveracruz.com\/index.php\/wp-json\/wp\/v2\/categories?post=40634"},{"taxonomy":"post_tag","embeddable":true,"href":"https:\/\/noticiasveracruz.com\/index.php\/wp-json\/wp\/v2\/tags?post=40634"}],"curies":[{"name":"wp","href":"https:\/\/api.w.org\/{rel}","templated":true}]}}