{"id":40625,"date":"2024-09-23T08:14:39","date_gmt":"2024-09-23T13:14:39","guid":{"rendered":"https:\/\/noticiasveracruz.com\/?p=40625"},"modified":"2024-09-23T08:14:39","modified_gmt":"2024-09-23T13:14:39","slug":"lagarde-advierte-que-los-bancos-centrales-podrian-enfrentarse-a-una-inflacion-volatil-2","status":"publish","type":"post","link":"https:\/\/noticiasveracruz.com\/index.php\/2024\/09\/23\/lagarde-advierte-que-los-bancos-centrales-podrian-enfrentarse-a-una-inflacion-volatil-2\/","title":{"rendered":"Lagarde advierte que los bancos centrales podr\u00edan enfrentarse a una inflaci\u00f3n vol\u00e1til"},"content":{"rendered":"<div class=\"jsx-3315747106 resumeNew\">\n<p><span style=\"font-size: 14pt;\">Los profundos cambios en la econom\u00eda mundial podr\u00edan hacer que la inflaci\u00f3n sea vol\u00e1til en los pr\u00f3ximos a\u00f1os, complicando los esfuerzos para controlar los precios, sin embargo, mantener los reg\u00edmenes de metas de inflaci\u00f3n sigue siendo la mejor opci\u00f3n, dijo la presidenta del BCE.<\/span><\/p>\n<\/div>\n<div class=\"jsx-1764542821 newsbody\">\n<div class=\"jsx-670345696 share fixed\">\n<div class=\"jsx-670345696 \"><span style=\"font-size: 14pt;\">Los profundos cambios en la econom\u00eda mundial podr\u00edan hacer que la inflaci\u00f3n sea vol\u00e1til en los pr\u00f3ximos a\u00f1os, complicando los esfuerzos para controlar los precios, sin embargo, mantener los reg\u00edmenes de metas de inflaci\u00f3n sigue siendo la mejor opci\u00f3n, dijo la presidenta del Banco Central Europeo (BCE), Christine Lagarde.<\/span><\/div>\n<\/div>\n<div class=\"jsx-1764542821\">\n<div id=\"readNote\" class=\"jsx-1764542821\">\n<div class=\"jsx-537108098\">\n<p class=\"jsx-3954459878\"><span style=\"font-size: 14pt;\">Los cambios econ\u00f3micos, desde la desglobalizaci\u00f3n y el proteccionismo hasta los enormes avances tecnol\u00f3gicos, han desconcertado a los economistas durante la \u00faltima d\u00e9cada, y la mayor\u00eda no logr\u00f3 predecir el reciente aumento de la inflaci\u00f3n, dejando a los bancos centrales rezagados y apresur\u00e1ndose a controlar los precios.<\/span><\/p>\n<\/div>\n<\/div>\n<\/div>\n<\/div>\n","protected":false},"excerpt":{"rendered":"<p>Los profundos cambios en la econom\u00eda mundial podr\u00edan hacer que la inflaci\u00f3n sea vol\u00e1til en los pr\u00f3ximos a\u00f1os, complicando los<\/p>\n","protected":false},"author":4,"featured_media":40626,"comment_status":"closed","ping_status":"closed","sticky":false,"template":"","format":"standard","meta":{"colormag_page_container_layout":"default_layout","colormag_page_sidebar_layout":"default_layout","_jetpack_memberships_contains_paid_content":false,"footnotes":"","jetpack_publicize_message":"","jetpack_publicize_feature_enabled":true,"jetpack_social_post_already_shared":true,"jetpack_social_options":{"image_generator_settings":{"template":"highway","default_image_id":0,"font":"","enabled":false},"version":2}},"categories":[1947],"tags":[],"class_list":["post-40625","post","type-post","status-publish","format-standard","has-post-thumbnail","hentry","category-economia"],"jetpack_publicize_connections":[],"jetpack_featured_media_url":"https:\/\/noticiasveracruz.com\/wp-content\/uploads\/2024\/09\/lagarde-1.jpg_554688468-1.jpg","jetpack_sharing_enabled":true,"publishpress_future_action":{"enabled":false,"date":"2026-05-08 11:58:36","action":"change-status","newStatus":"draft","terms":[],"taxonomy":"category","extraData":[]},"publishpress_future_workflow_manual_trigger":{"enabledWorkflows":[]},"_links":{"self":[{"href":"https:\/\/noticiasveracruz.com\/index.php\/wp-json\/wp\/v2\/posts\/40625","targetHints":{"allow":["GET"]}}],"collection":[{"href":"https:\/\/noticiasveracruz.com\/index.php\/wp-json\/wp\/v2\/posts"}],"about":[{"href":"https:\/\/noticiasveracruz.com\/index.php\/wp-json\/wp\/v2\/types\/post"}],"author":[{"embeddable":true,"href":"https:\/\/noticiasveracruz.com\/index.php\/wp-json\/wp\/v2\/users\/4"}],"replies":[{"embeddable":true,"href":"https:\/\/noticiasveracruz.com\/index.php\/wp-json\/wp\/v2\/comments?post=40625"}],"version-history":[{"count":0,"href":"https:\/\/noticiasveracruz.com\/index.php\/wp-json\/wp\/v2\/posts\/40625\/revisions"}],"wp:featuredmedia":[{"embeddable":true,"href":"https:\/\/noticiasveracruz.com\/index.php\/wp-json\/wp\/v2\/media\/40626"}],"wp:attachment":[{"href":"https:\/\/noticiasveracruz.com\/index.php\/wp-json\/wp\/v2\/media?parent=40625"}],"wp:term":[{"taxonomy":"category","embeddable":true,"href":"https:\/\/noticiasveracruz.com\/index.php\/wp-json\/wp\/v2\/categories?post=40625"},{"taxonomy":"post_tag","embeddable":true,"href":"https:\/\/noticiasveracruz.com\/index.php\/wp-json\/wp\/v2\/tags?post=40625"}],"curies":[{"name":"wp","href":"https:\/\/api.w.org\/{rel}","templated":true}]}}