{"id":40617,"date":"2024-09-23T03:12:46","date_gmt":"2024-09-23T08:12:46","guid":{"rendered":"https:\/\/noticiasveracruz.com\/?p=40617"},"modified":"2024-09-22T23:37:54","modified_gmt":"2024-09-23T04:37:54","slug":"sector-de-franquicias-proyecta-crecer-10-en-queretaro","status":"publish","type":"post","link":"https:\/\/noticiasveracruz.com\/index.php\/2024\/09\/23\/sector-de-franquicias-proyecta-crecer-10-en-queretaro\/","title":{"rendered":"Sector de franquicias proyecta crecer 10% en Quer\u00e9taro"},"content":{"rendered":"<div class=\"jsx-3315747106 resumeNew\">\n<p><span style=\"font-size: 14pt;\">En Quer\u00e9taro hay 1,300 establecimientos que operan como franquicias, generando 11,000 empleos directos<\/span><\/p>\n<\/div>\n<div class=\"jsx-1764542821 newsbody\">\n<div class=\"jsx-670345696 share fixed\">\n<div class=\"jsx-670345696 \"><span style=\"font-size: 14pt;\">El sector de franquicias proyecta cerrar el 2024 con un crecimiento anual de 10% en la entidad, en l\u00ednea con el pron\u00f3stico nacional.<\/span><\/div>\n<\/div>\n<div class=\"jsx-1764542821\">\n<div id=\"readNote\" class=\"jsx-1764542821\">\n<div class=\"jsx-537108098\">\n<p class=\"jsx-3954459878\"><span style=\"font-size: 14pt;\">De momento, este nicho avanza conforme a sus expectativas, destac\u00f3 el vicepresidente de la Asociaci\u00f3n Mexicana de Franquicias (AMF) en el Baj\u00edo, C\u00e9sar Aranday.<\/span><\/p>\n<\/div>\n<\/div>\n<\/div>\n<\/div>\n","protected":false},"excerpt":{"rendered":"<p>En Quer\u00e9taro hay 1,300 establecimientos que operan como franquicias, generando 11,000 empleos directos El sector de franquicias proyecta cerrar el<\/p>\n","protected":false},"author":4,"featured_media":40618,"comment_status":"closed","ping_status":"closed","sticky":false,"template":"","format":"standard","meta":{"colormag_page_container_layout":"default_layout","colormag_page_sidebar_layout":"default_layout","_jetpack_memberships_contains_paid_content":false,"footnotes":"","jetpack_publicize_message":"","jetpack_publicize_feature_enabled":true,"jetpack_social_post_already_shared":true,"jetpack_social_options":{"image_generator_settings":{"template":"highway","default_image_id":0,"font":"","enabled":false},"version":2}},"categories":[145],"tags":[],"class_list":["post-40617","post","type-post","status-publish","format-standard","has-post-thumbnail","hentry","category-estados"],"jetpack_publicize_connections":[],"jetpack_featured_media_url":"https:\/\/noticiasveracruz.com\/wp-content\/uploads\/2024\/09\/franquicias.jpg_554688468.jpg","jetpack_sharing_enabled":true,"publishpress_future_action":{"enabled":false,"date":"2026-05-08 07:36:28","action":"change-status","newStatus":"draft","terms":[],"taxonomy":"category","extraData":[]},"publishpress_future_workflow_manual_trigger":{"enabledWorkflows":[]},"_links":{"self":[{"href":"https:\/\/noticiasveracruz.com\/index.php\/wp-json\/wp\/v2\/posts\/40617","targetHints":{"allow":["GET"]}}],"collection":[{"href":"https:\/\/noticiasveracruz.com\/index.php\/wp-json\/wp\/v2\/posts"}],"about":[{"href":"https:\/\/noticiasveracruz.com\/index.php\/wp-json\/wp\/v2\/types\/post"}],"author":[{"embeddable":true,"href":"https:\/\/noticiasveracruz.com\/index.php\/wp-json\/wp\/v2\/users\/4"}],"replies":[{"embeddable":true,"href":"https:\/\/noticiasveracruz.com\/index.php\/wp-json\/wp\/v2\/comments?post=40617"}],"version-history":[{"count":0,"href":"https:\/\/noticiasveracruz.com\/index.php\/wp-json\/wp\/v2\/posts\/40617\/revisions"}],"wp:featuredmedia":[{"embeddable":true,"href":"https:\/\/noticiasveracruz.com\/index.php\/wp-json\/wp\/v2\/media\/40618"}],"wp:attachment":[{"href":"https:\/\/noticiasveracruz.com\/index.php\/wp-json\/wp\/v2\/media?parent=40617"}],"wp:term":[{"taxonomy":"category","embeddable":true,"href":"https:\/\/noticiasveracruz.com\/index.php\/wp-json\/wp\/v2\/categories?post=40617"},{"taxonomy":"post_tag","embeddable":true,"href":"https:\/\/noticiasveracruz.com\/index.php\/wp-json\/wp\/v2\/tags?post=40617"}],"curies":[{"name":"wp","href":"https:\/\/api.w.org\/{rel}","templated":true}]}}