{"id":40608,"date":"2024-09-23T03:09:42","date_gmt":"2024-09-23T08:09:42","guid":{"rendered":"https:\/\/noticiasveracruz.com\/?p=40608"},"modified":"2024-09-22T23:29:40","modified_gmt":"2024-09-23T04:29:40","slug":"gasolina-magna-sigue-bajando-a-pesar-de-que-la-vuelven-a-dejar-sin-estimulos-fiscales","status":"publish","type":"post","link":"https:\/\/noticiasveracruz.com\/index.php\/2024\/09\/23\/gasolina-magna-sigue-bajando-a-pesar-de-que-la-vuelven-a-dejar-sin-estimulos-fiscales\/","title":{"rendered":"Gasolina Magna sigue bajando a pesar de que la vuelven a dejar sin est\u00edmulos fiscales"},"content":{"rendered":"<div>\n<p><span style=\"font-size: 14pt;\">Para la semana del 21 al 27 de septiembre, no habr\u00e1 est\u00edmulo fiscal para la gasolina regular o Magna, por lo que los automovilistas deber\u00e1n pagar la cuota completa de Impuesto Especial sobre Producci\u00f3n y Servicios (IEPS), que es de 6.17 pesos por litro.<\/span><\/p>\n<\/div>\n<div>\n<div>\n<div><span style=\"font-size: 14pt;\">Por tercera semana consecutiva, el gobierno federal\u00a0dejar\u00e1 sin est\u00edmulos fiscales a las gasolina regular o Magna.\u00a0A pesar de esto, el\u00a0precio del combustible\u00a0se ha reducido casi 20 centavos en los \u00faltimos 17 d\u00edas.<\/span><\/div>\n<\/div>\n<div>\n<div id=\"readNote\">\n<div>\n<p><span style=\"font-size: 14pt;\">Para la semana del 21 al 27 de septiembre, no habr\u00e1 est\u00edmulo fiscal para la gasolina regular o Magna, por lo que los automovilistas deber\u00e1n pagar la cuota completa de Impuesto Especial sobre Producci\u00f3n y Servicios (IEPS), que es de 6.17 pesos por litro.<\/span><\/p>\n<\/div>\n<\/div>\n<\/div>\n<\/div>\n","protected":false},"excerpt":{"rendered":"<p>Para la semana del 21 al 27 de septiembre, no habr\u00e1 est\u00edmulo fiscal para la gasolina regular o Magna, por<\/p>\n","protected":false},"author":4,"featured_media":40609,"comment_status":"closed","ping_status":"closed","sticky":false,"template":"","format":"standard","meta":{"colormag_page_container_layout":"default_layout","colormag_page_sidebar_layout":"default_layout","_jetpack_memberships_contains_paid_content":false,"footnotes":"","jetpack_publicize_message":"","jetpack_publicize_feature_enabled":true,"jetpack_social_post_already_shared":true,"jetpack_social_options":{"image_generator_settings":{"template":"highway","default_image_id":0,"font":"","enabled":false},"version":2}},"categories":[1947],"tags":[],"class_list":["post-40608","post","type-post","status-publish","format-standard","has-post-thumbnail","hentry","category-economia"],"jetpack_publicize_connections":[],"jetpack_featured_media_url":"https:\/\/noticiasveracruz.com\/wp-content\/uploads\/2024\/09\/aspectos_gasolineras_archivo_2_crop1719800668550.jpeg_552841426.jpeg","jetpack_sharing_enabled":true,"publishpress_future_action":{"enabled":false,"date":"2026-05-08 06:06:06","action":"change-status","newStatus":"draft","terms":[],"taxonomy":"category","extraData":[]},"publishpress_future_workflow_manual_trigger":{"enabledWorkflows":[]},"_links":{"self":[{"href":"https:\/\/noticiasveracruz.com\/index.php\/wp-json\/wp\/v2\/posts\/40608","targetHints":{"allow":["GET"]}}],"collection":[{"href":"https:\/\/noticiasveracruz.com\/index.php\/wp-json\/wp\/v2\/posts"}],"about":[{"href":"https:\/\/noticiasveracruz.com\/index.php\/wp-json\/wp\/v2\/types\/post"}],"author":[{"embeddable":true,"href":"https:\/\/noticiasveracruz.com\/index.php\/wp-json\/wp\/v2\/users\/4"}],"replies":[{"embeddable":true,"href":"https:\/\/noticiasveracruz.com\/index.php\/wp-json\/wp\/v2\/comments?post=40608"}],"version-history":[{"count":0,"href":"https:\/\/noticiasveracruz.com\/index.php\/wp-json\/wp\/v2\/posts\/40608\/revisions"}],"wp:featuredmedia":[{"embeddable":true,"href":"https:\/\/noticiasveracruz.com\/index.php\/wp-json\/wp\/v2\/media\/40609"}],"wp:attachment":[{"href":"https:\/\/noticiasveracruz.com\/index.php\/wp-json\/wp\/v2\/media?parent=40608"}],"wp:term":[{"taxonomy":"category","embeddable":true,"href":"https:\/\/noticiasveracruz.com\/index.php\/wp-json\/wp\/v2\/categories?post=40608"},{"taxonomy":"post_tag","embeddable":true,"href":"https:\/\/noticiasveracruz.com\/index.php\/wp-json\/wp\/v2\/tags?post=40608"}],"curies":[{"name":"wp","href":"https:\/\/api.w.org\/{rel}","templated":true}]}}