{"id":40605,"date":"2024-09-23T03:08:43","date_gmt":"2024-09-23T08:08:43","guid":{"rendered":"https:\/\/noticiasveracruz.com\/?p=40605"},"modified":"2024-09-22T23:27:58","modified_gmt":"2024-09-23T04:27:58","slug":"bowman-de-la-fed-aboga-por-un-ritmo-mesurado-en-baja-de-tasas","status":"publish","type":"post","link":"https:\/\/noticiasveracruz.com\/index.php\/2024\/09\/23\/bowman-de-la-fed-aboga-por-un-ritmo-mesurado-en-baja-de-tasas\/","title":{"rendered":"Bowman, de la Fed, aboga por un ritmo \u201cmesurado\u201d en baja de tasas"},"content":{"rendered":"<div class=\"jsx-3315747106 resumeNew\">\n<p><span style=\"font-size: 14pt;\">La gobernadora dijo que una flexibilizaci\u00f3n r\u00e1pida de la pol\u00edtica monetaria conlleva un mayor riesgo de reavivar la inflaci\u00f3n.<\/span><\/p>\n<\/div>\n<div class=\"jsx-1764542821 newsbody\">\n<div class=\"jsx-670345696 share fixed\">\n<div class=\"jsx-670345696 \"><span style=\"font-size: 14pt;\">El \u00fanico miembro reticente en la votaci\u00f3n de 11 a 1 de la Reserva Federal (Fed) para consolidar un mayor recorte de las tasas de inter\u00e9s mencion\u00f3 el fin de semana que la medida \u201cpuede interpretarse como una declaraci\u00f3n prematura de victoria\u201d.<\/span><\/div>\n<\/div>\n<div class=\"jsx-1764542821\">\n<div id=\"readNote\" class=\"jsx-1764542821\">\n<div class=\"jsx-537108098\">\n<p class=\"jsx-3954459878\"><span style=\"font-size: 14pt;\">La semana pasada, la gobernadora de la Fed, Michelle Bowman, se convirti\u00f3 en el primer miembro con derecho a voto del comit\u00e9 de fijaci\u00f3n de tasas del banco central estadounidense, en m\u00e1s de dos a\u00f1os, en disentir de una decisi\u00f3n sobre las tasas, al se\u00f1alar que prefer\u00eda un recorte m\u00e1s modesto, de un cuarto de punto porcentual.<\/span><\/p>\n<\/div>\n<\/div>\n<\/div>\n<\/div>\n","protected":false},"excerpt":{"rendered":"<p>La gobernadora dijo que una flexibilizaci\u00f3n r\u00e1pida de la pol\u00edtica monetaria conlleva un mayor riesgo de reavivar la inflaci\u00f3n. El<\/p>\n","protected":false},"author":4,"featured_media":40606,"comment_status":"closed","ping_status":"closed","sticky":false,"template":"","format":"standard","meta":{"colormag_page_container_layout":"default_layout","colormag_page_sidebar_layout":"default_layout","_jetpack_memberships_contains_paid_content":false,"footnotes":"","jetpack_publicize_message":"","jetpack_publicize_feature_enabled":true,"jetpack_social_post_already_shared":true,"jetpack_social_options":{"image_generator_settings":{"template":"highway","default_image_id":0,"font":"","enabled":false},"version":2}},"categories":[1947],"tags":[],"class_list":["post-40605","post","type-post","status-publish","format-standard","has-post-thumbnail","hentry","category-economia"],"jetpack_publicize_connections":[],"jetpack_featured_media_url":"https:\/\/noticiasveracruz.com\/wp-content\/uploads\/2024\/09\/bowman.jpg_270939306.jpg","jetpack_sharing_enabled":true,"publishpress_future_action":{"enabled":false,"date":"2026-05-08 05:21:15","action":"change-status","newStatus":"draft","terms":[],"taxonomy":"category","extraData":[]},"publishpress_future_workflow_manual_trigger":{"enabledWorkflows":[]},"_links":{"self":[{"href":"https:\/\/noticiasveracruz.com\/index.php\/wp-json\/wp\/v2\/posts\/40605","targetHints":{"allow":["GET"]}}],"collection":[{"href":"https:\/\/noticiasveracruz.com\/index.php\/wp-json\/wp\/v2\/posts"}],"about":[{"href":"https:\/\/noticiasveracruz.com\/index.php\/wp-json\/wp\/v2\/types\/post"}],"author":[{"embeddable":true,"href":"https:\/\/noticiasveracruz.com\/index.php\/wp-json\/wp\/v2\/users\/4"}],"replies":[{"embeddable":true,"href":"https:\/\/noticiasveracruz.com\/index.php\/wp-json\/wp\/v2\/comments?post=40605"}],"version-history":[{"count":0,"href":"https:\/\/noticiasveracruz.com\/index.php\/wp-json\/wp\/v2\/posts\/40605\/revisions"}],"wp:featuredmedia":[{"embeddable":true,"href":"https:\/\/noticiasveracruz.com\/index.php\/wp-json\/wp\/v2\/media\/40606"}],"wp:attachment":[{"href":"https:\/\/noticiasveracruz.com\/index.php\/wp-json\/wp\/v2\/media?parent=40605"}],"wp:term":[{"taxonomy":"category","embeddable":true,"href":"https:\/\/noticiasveracruz.com\/index.php\/wp-json\/wp\/v2\/categories?post=40605"},{"taxonomy":"post_tag","embeddable":true,"href":"https:\/\/noticiasveracruz.com\/index.php\/wp-json\/wp\/v2\/tags?post=40605"}],"curies":[{"name":"wp","href":"https:\/\/api.w.org\/{rel}","templated":true}]}}