{"id":40602,"date":"2024-09-23T03:07:53","date_gmt":"2024-09-23T08:07:53","guid":{"rendered":"https:\/\/noticiasveracruz.com\/?p=40602"},"modified":"2024-09-22T23:26:00","modified_gmt":"2024-09-23T04:26:00","slug":"depresion-tropical-diez-e-se-forma-en-el-pacifico-podria-intensificarse-a-tormenta-john","status":"publish","type":"post","link":"https:\/\/noticiasveracruz.com\/index.php\/2024\/09\/23\/depresion-tropical-diez-e-se-forma-en-el-pacifico-podria-intensificarse-a-tormenta-john\/","title":{"rendered":"Depresi\u00f3n tropical Diez-E se forma en el Pac\u00edfico; podr\u00eda intensificarse a tormenta John"},"content":{"rendered":"<div>\n<p><span style=\"font-size: 14pt;\">Adem\u00e1s, Conagua advirti\u00f3 de otro sistema que se est\u00e1 formando en el Caribe, el cual podr\u00eda afectar a Quintana Roo. Por lo anterior, se espera que esta semana dos sistemas impacten al sur del pa\u00eds.\u00a0<\/span><\/p>\n<\/div>\n<div>\n<div>\n<div><span style=\"font-size: 14pt;\">La tarde de este domingo se form\u00f3 la depresi\u00f3n tropical Diez-E\u00a0a 265 km al sur-suroeste de\u00a0Lagunas de Chacahua, Oaxaca y a 280 km al sur de Punta Maldonado, Guerrero.<\/span><\/div>\n<\/div>\n<div>\n<div id=\"readNote\">\n<div>\n<p><span style=\"font-size: 14pt;\">Se prev\u00e9 que este sistema evolucione a\u00a0tormenta tropical John en la madrugada de este\u00a0lunes y hacia el mi\u00e9rcoles podr\u00eda intensificarse a hurac\u00e1n cuyo impacto ser\u00eda en Oaxaca y Chiapas.<\/span><\/p>\n<\/div>\n<\/div>\n<\/div>\n<\/div>\n","protected":false},"excerpt":{"rendered":"<p>Adem\u00e1s, Conagua advirti\u00f3 de otro sistema que se est\u00e1 formando en el Caribe, el cual podr\u00eda afectar a Quintana Roo.<\/p>\n","protected":false},"author":4,"featured_media":40603,"comment_status":"closed","ping_status":"closed","sticky":false,"template":"","format":"standard","meta":{"colormag_page_container_layout":"default_layout","colormag_page_sidebar_layout":"default_layout","_jetpack_memberships_contains_paid_content":false,"footnotes":"","jetpack_publicize_message":"","jetpack_publicize_feature_enabled":true,"jetpack_social_post_already_shared":true,"jetpack_social_options":{"image_generator_settings":{"template":"highway","default_image_id":0,"font":"","enabled":false},"version":2}},"categories":[4],"tags":[],"class_list":["post-40602","post","type-post","status-publish","format-standard","has-post-thumbnail","hentry","category-nacional"],"jetpack_publicize_connections":[],"jetpack_featured_media_url":"https:\/\/noticiasveracruz.com\/wp-content\/uploads\/2024\/09\/depresion_tropical_diez_e_conagua-min.png_554688468.png","jetpack_sharing_enabled":true,"publishpress_future_action":{"enabled":false,"date":"2026-05-08 03:27:22","action":"change-status","newStatus":"draft","terms":[],"taxonomy":"category","extraData":[]},"publishpress_future_workflow_manual_trigger":{"enabledWorkflows":[]},"_links":{"self":[{"href":"https:\/\/noticiasveracruz.com\/index.php\/wp-json\/wp\/v2\/posts\/40602","targetHints":{"allow":["GET"]}}],"collection":[{"href":"https:\/\/noticiasveracruz.com\/index.php\/wp-json\/wp\/v2\/posts"}],"about":[{"href":"https:\/\/noticiasveracruz.com\/index.php\/wp-json\/wp\/v2\/types\/post"}],"author":[{"embeddable":true,"href":"https:\/\/noticiasveracruz.com\/index.php\/wp-json\/wp\/v2\/users\/4"}],"replies":[{"embeddable":true,"href":"https:\/\/noticiasveracruz.com\/index.php\/wp-json\/wp\/v2\/comments?post=40602"}],"version-history":[{"count":0,"href":"https:\/\/noticiasveracruz.com\/index.php\/wp-json\/wp\/v2\/posts\/40602\/revisions"}],"wp:featuredmedia":[{"embeddable":true,"href":"https:\/\/noticiasveracruz.com\/index.php\/wp-json\/wp\/v2\/media\/40603"}],"wp:attachment":[{"href":"https:\/\/noticiasveracruz.com\/index.php\/wp-json\/wp\/v2\/media?parent=40602"}],"wp:term":[{"taxonomy":"category","embeddable":true,"href":"https:\/\/noticiasveracruz.com\/index.php\/wp-json\/wp\/v2\/categories?post=40602"},{"taxonomy":"post_tag","embeddable":true,"href":"https:\/\/noticiasveracruz.com\/index.php\/wp-json\/wp\/v2\/tags?post=40602"}],"curies":[{"name":"wp","href":"https:\/\/api.w.org\/{rel}","templated":true}]}}