{"id":40599,"date":"2024-09-23T03:06:48","date_gmt":"2024-09-23T08:06:48","guid":{"rendered":"https:\/\/noticiasveracruz.com\/?p=40599"},"modified":"2024-09-22T23:24:23","modified_gmt":"2024-09-23T04:24:23","slug":"6-resoluciones-del-inai-para-el-esclarecimiento-del-caso-ayotzinapa","status":"publish","type":"post","link":"https:\/\/noticiasveracruz.com\/index.php\/2024\/09\/23\/6-resoluciones-del-inai-para-el-esclarecimiento-del-caso-ayotzinapa\/","title":{"rendered":"6 resoluciones del INAI para el esclarecimiento del caso Ayotzinapa"},"content":{"rendered":"<div>\n<p><span style=\"font-size: 14pt;\">El INAI presenta\u00a0un recuento de las seis resoluciones donde orden\u00f3 entregar informaci\u00f3n para esclarecer la desaparici\u00f3n de los 43 estudiantes de Ayotzinapa.\u00a0<\/span><\/p>\n<\/div>\n<div>\n<div>\n<div><span style=\"font-size: 14pt;\">El Instituto Nacional de Transparencia, Acceso a la Informaci\u00f3n y Protecci\u00f3n de Datos Personales\u00a0(INAI), hizo un recuento de las seis resoluciones en las que orden\u00f3 entregar informaci\u00f3n para esclarecer la desaparici\u00f3n de los 43 estudiantes de la Escuela Normal Rural Ra\u00fal Isidro Burgos de Ayotzinapa.<\/span><\/div>\n<\/div>\n<div>\n<div id=\"readNote\">\n<div>\n<p><span style=\"font-size: 14pt;\">Fue en la noche del 26 de septiembre de 2014, cuando los estudiantes de entre 17 y 25 a\u00f1os, fueron a Iguala, Guerrero, con la intenci\u00f3n de tomar los autobuses que necesitaban para participar en la conmemoraci\u00f3n del 2 de octubre,\u00a0por la matanza de Tlatelolco en 1968.<\/span><\/p>\n<\/div>\n<\/div>\n<\/div>\n<\/div>\n","protected":false},"excerpt":{"rendered":"<p>El INAI presenta\u00a0un recuento de las seis resoluciones donde orden\u00f3 entregar informaci\u00f3n para esclarecer la desaparici\u00f3n de los 43 estudiantes<\/p>\n","protected":false},"author":4,"featured_media":40600,"comment_status":"closed","ping_status":"closed","sticky":false,"template":"","format":"standard","meta":{"colormag_page_container_layout":"default_layout","colormag_page_sidebar_layout":"default_layout","_jetpack_memberships_contains_paid_content":false,"footnotes":"","jetpack_publicize_message":"","jetpack_publicize_feature_enabled":true,"jetpack_social_post_already_shared":true,"jetpack_social_options":{"image_generator_settings":{"template":"highway","default_image_id":0,"font":"","enabled":false},"version":2}},"categories":[4],"tags":[],"class_list":["post-40599","post","type-post","status-publish","format-standard","has-post-thumbnail","hentry","category-nacional"],"jetpack_publicize_connections":[],"jetpack_featured_media_url":"https:\/\/noticiasveracruz.com\/wp-content\/uploads\/2024\/09\/6-resoluciones_inai_esclarecimiento_caso_ayotzinapa_cuartoscuro.png_554688468.png","jetpack_sharing_enabled":true,"publishpress_future_action":{"enabled":false,"date":"2026-05-08 02:20:25","action":"change-status","newStatus":"draft","terms":[],"taxonomy":"category","extraData":[]},"publishpress_future_workflow_manual_trigger":{"enabledWorkflows":[]},"_links":{"self":[{"href":"https:\/\/noticiasveracruz.com\/index.php\/wp-json\/wp\/v2\/posts\/40599","targetHints":{"allow":["GET"]}}],"collection":[{"href":"https:\/\/noticiasveracruz.com\/index.php\/wp-json\/wp\/v2\/posts"}],"about":[{"href":"https:\/\/noticiasveracruz.com\/index.php\/wp-json\/wp\/v2\/types\/post"}],"author":[{"embeddable":true,"href":"https:\/\/noticiasveracruz.com\/index.php\/wp-json\/wp\/v2\/users\/4"}],"replies":[{"embeddable":true,"href":"https:\/\/noticiasveracruz.com\/index.php\/wp-json\/wp\/v2\/comments?post=40599"}],"version-history":[{"count":0,"href":"https:\/\/noticiasveracruz.com\/index.php\/wp-json\/wp\/v2\/posts\/40599\/revisions"}],"wp:featuredmedia":[{"embeddable":true,"href":"https:\/\/noticiasveracruz.com\/index.php\/wp-json\/wp\/v2\/media\/40600"}],"wp:attachment":[{"href":"https:\/\/noticiasveracruz.com\/index.php\/wp-json\/wp\/v2\/media?parent=40599"}],"wp:term":[{"taxonomy":"category","embeddable":true,"href":"https:\/\/noticiasveracruz.com\/index.php\/wp-json\/wp\/v2\/categories?post=40599"},{"taxonomy":"post_tag","embeddable":true,"href":"https:\/\/noticiasveracruz.com\/index.php\/wp-json\/wp\/v2\/tags?post=40599"}],"curies":[{"name":"wp","href":"https:\/\/api.w.org\/{rel}","templated":true}]}}